{"id":702,"date":"2026-02-14T10:35:42","date_gmt":"2026-02-14T09:35:42","guid":{"rendered":"https:\/\/www.diocesicassanoalloionio.it\/caritas\/?p=702"},"modified":"2026-02-14T10:35:42","modified_gmt":"2026-02-14T09:35:42","slug":"esondazione-del-crati-la-diocesi-di-cassano-alljonio-vicina-alle-famiglie-di-sibari","status":"publish","type":"post","link":"https:\/\/www.diocesicassanoalloionio.it\/caritas\/esondazione-del-crati-la-diocesi-di-cassano-alljonio-vicina-alle-famiglie-di-sibari\/","title":{"rendered":"Esondazione del Crati: la Diocesi di Cassano all&#8217;Jonio vicina alle famiglie di Sibari"},"content":{"rendered":"<p align=\"justify\"><span style=\"font-family: Times New Roman, serif\"><span style=\"font-size: large\"><b>ESONDAZIONE DEL CRATI: LA DIOCESI DI CASSANO ALL\u2019JONIO VICINA ALLE FAMIGLIE DI SIBARI<\/b><\/span><\/span><\/p>\n<p align=\"justify\"><span style=\"font-family: Times New Roman, serif\"><span style=\"font-size: large\">Da ieri sera la comunit\u00e0 di Sibari \u2013 Comune di Cassano all&#8217;Ionio, in particolare nella zona di Lattughelle, dei Laghi di Sibari e dell\u2019area del Parco Archeologico di Sibari \u2013 sta vivendo momenti di grande apprensione a causa delle esondazioni del fiume Crati che hanno colpito abitazioni, terreni e attivit\u00e0.<\/span><\/span><\/p>\n<p align=\"justify\"><span style=\"font-family: Times New Roman, serif\"><span style=\"font-size: large\">La Diocesi di Cassano all&#8217;Jonio, attraverso il suo direttore della Caritas, don <\/span><\/span><span style=\"font-family: Times New Roman, serif\"><span style=\"font-size: large\"><b>Giuseppe Cascardi<\/b><\/span><\/span><span style=\"font-family: Times New Roman, serif\"><span style=\"font-size: large\">, e tutta l\u2019\u00e9quipe diocesana esprime profonda vicinanza e sincera solidariet\u00e0 a tutte le famiglie colpite da questo evento che sta mettendo a dura prova il territorio e la serenit\u00e0 di tanti nostri fratelli e sorelle.<\/span><\/span><\/p>\n<p align=\"justify\"><span style=\"font-family: Times New Roman, serif\"><span style=\"font-size: large\">\u00abIn momenti come questi \u2013 dichiara il Vescovo di Cassano all\u2019Jonio, S.E. mons. <\/span><\/span><span style=\"font-family: Times New Roman, serif\"><span style=\"font-size: large\"><b>Francesco Savino<\/b><\/span><\/span><span style=\"font-family: Times New Roman, serif\"><span style=\"font-size: large\"> \u2013 siamo chiamati a stringerci come un\u2019unica comunit\u00e0. Nessuno deve sentirsi solo davanti alla forza della natura. La nostra Chiesa \u00e8 accanto a chi soffre, con la preghiera, con la presenza e con gesti concreti di solidariet\u00e0. Affidiamo al Signore le famiglie colpite e chiediamo che la natura torni a ritrovare il suo equilibrio, restituendo sicurezza e speranza al nostro territorio\u00bb.<\/span><\/span><\/p>\n<p align=\"justify\"><span style=\"font-family: Times New Roman, serif\"><span style=\"font-size: large\">La forza degli eventi naturali ci ricorda anche la fragilit\u00e0 della nostra terra, che ci \u00e8 stata affidata. Come ci richiama la Chiesa nella sua riflessione sulla cura del creato \u2013 culminata nell\u2019enciclica Laudato si&#8217; \u2013 i cambiamenti climatici rappresentano una sfida globale che richiede non solo responsabilit\u00e0 sociale, ma anche un profondo impegno etico e spirituale per tutelare la vita e il bene comune. In essa si afferma che i segni del cambiamento climatico sono evidenti e che \u00abdobbiamo ascoltare sia il grido della terra sia il grido dei poveri\u00bb, impegnandoci in una autentica conversione ecologica che tuteli tutte le creature.<\/span><\/span><\/p>\n<p align=\"justify\"><span style=\"font-family: Times New Roman, serif\"><span style=\"font-size: large\">Monsignor Francesco Savino, nella mattinata di oggi, si recher\u00e0 sui luoghi dell\u2019esondazione, nella comunit\u00e0 di Sibari, per incontrare il parroco e le famiglie colpite, ascoltarne i bisogni e manifestare personalmente la vicinanza della Chiesa diocesana, nonch\u00e9 per essere accanto alle istituzioni civili che stanno coordinando l\u2019emergenza.<\/span><\/span><\/p>\n<p align=\"justify\"><span style=\"font-family: Times New Roman, serif\"><span style=\"font-size: large\">Invitiamo tutte le parrocchie, le comunit\u00e0 religiose, le associazioni e i movimenti ecclesiali dell\u2019intero territorio della Diocesi di Cassano all\u2019Jonio a unirsi in una preghiera costante per le famiglie coinvolte e per quanti stanno operando nei soccorsi.<\/span><\/span><\/p>\n<p align=\"justify\"><span style=\"font-family: Times New Roman, serif\"><span style=\"font-size: large\">Il nostro Vescovo esorta inoltre tutte le comunit\u00e0 parrocchiali a ritrovarsi questo pomeriggio, nella celebrazione del Santo Rosario, per pregare per le famiglie e le aziende coinvolte, affidando al Signore, per intercessione della Madonna, questo tempo di prova, chiedendo il dono della forza, della speranza e della solidariet\u00e0.<\/span><\/span><\/p>\n<p align=\"justify\"><span style=\"font-family: Times New Roman, serif\"><span style=\"font-size: large\">Nelle prossime ore la Diocesi, attraverso la Caritas diocesana, fornir\u00e0 ulteriori comunicazioni in merito alle iniziative concrete che verranno attivate per sostenere le persone colpite e accompagnare la fase dell\u2019emergenza e della ricostruzione.<\/span><\/span><\/p>\n<p align=\"justify\"><span style=\"font-family: Times New Roman, serif\"><span style=\"font-size: large\">Cassano all\u2019Ionio, 14\/02\/2026<\/span><\/span><\/p>\n<p align=\"center\"><span style=\"font-family: Times New Roman, serif\"><span style=\"font-size: large\"><i>don Giuseppe Cascardi<\/i><\/span><\/span><\/p>\n<p align=\"center\"><span style=\"font-family: Times New Roman, serif\">Direttore della Caritas diocesana<\/span><\/p>\n<p class=\"p4\"><span class=\"s4\"><span class=\"Apple-converted-space\">\u00a0<\/span><\/span><b><\/b><i><\/i><\/p>\n","protected":false},"excerpt":{"rendered":"<p>ESONDAZIONE DEL CRATI: LA DIOCESI DI CASSANO ALL\u2019JONIO VICINA ALLE FAMIGLIE DI SIBARI Da ieri sera la comunit\u00e0 di Sibari \u2013 Comune di Cassano all&#8217;Ionio, in particolare nella zona di Lattughelle, dei Laghi di Sibari e dell\u2019area del Parco Archeologico di Sibari \u2013 sta vivendo momenti di grande apprensione a causa delle esondazioni del fiume [&hellip;]<\/p>\n","protected":false},"author":0,"featured_media":703,"comment_status":"closed","ping_status":"closed","sticky":false,"template":"","format":"standard","meta":{"_acf_changed":false,"footnotes":""},"categories":[2],"tags":[],"acf":{"seed-localization-paese-cod":"","seed-localization-address":"","seed-localization-citta":"","seed-localization-regione-cod-istat":"","seed-localization-citta-cod-istat":"","seed-localization-localita":"","seed-localization-cap":"","seed-localization-geo":{"lat":41.90552298770031,"lng":12.509441971778871,"zoom":10,"markers":[],"address":"","layers":["OpenStreetMap.Mapnik"]},"seed-localization-marker-visibility":false,"seed-localization-children-visibility":false,"seed-localization-kml":null,"seed-localization-custom-marker":null},"_links":{"self":[{"href":"https:\/\/www.diocesicassanoalloionio.it\/caritas\/wp-json\/wp\/v2\/posts\/702"}],"collection":[{"href":"https:\/\/www.diocesicassanoalloionio.it\/caritas\/wp-json\/wp\/v2\/posts"}],"about":[{"href":"https:\/\/www.diocesicassanoalloionio.it\/caritas\/wp-json\/wp\/v2\/types\/post"}],"author":[{"embeddable":true,"href":"https:\/\/www.diocesicassanoalloionio.it\/caritas\/wp-json\/wp\/v2\/users\/8"}],"replies":[{"embeddable":true,"href":"https:\/\/www.diocesicassanoalloionio.it\/caritas\/wp-json\/wp\/v2\/comments?post=702"}],"version-history":[{"count":2,"href":"https:\/\/www.diocesicassanoalloionio.it\/caritas\/wp-json\/wp\/v2\/posts\/702\/revisions"}],"predecessor-version":[{"id":705,"href":"https:\/\/www.diocesicassanoalloionio.it\/caritas\/wp-json\/wp\/v2\/posts\/702\/revisions\/705"}],"wp:featuredmedia":[{"embeddable":true,"href":"https:\/\/www.diocesicassanoalloionio.it\/caritas\/wp-json\/wp\/v2\/media\/703"}],"wp:attachment":[{"href":"https:\/\/www.diocesicassanoalloionio.it\/caritas\/wp-json\/wp\/v2\/media?parent=702"}],"wp:term":[{"taxonomy":"category","embeddable":true,"href":"https:\/\/www.diocesicassanoalloionio.it\/caritas\/wp-json\/wp\/v2\/categories?post=702"},{"taxonomy":"post_tag","embeddable":true,"href":"https:\/\/www.diocesicassanoalloionio.it\/caritas\/wp-json\/wp\/v2\/tags?post=702"}],"curies":[{"name":"wp","href":"https:\/\/api.w.org\/{rel}","templated":true}]}}