{"id":706,"date":"2026-02-14T15:40:29","date_gmt":"2026-02-14T14:40:29","guid":{"rendered":"https:\/\/www.diocesicassanoalloionio.it\/caritas\/?p=706"},"modified":"2026-02-14T15:40:51","modified_gmt":"2026-02-14T14:40:51","slug":"esondazione-del-crati-secondo-aggiornamento","status":"publish","type":"post","link":"https:\/\/www.diocesicassanoalloionio.it\/caritas\/esondazione-del-crati-secondo-aggiornamento\/","title":{"rendered":"Esondazione del Crati &#8211; Secondo Aggiornamento"},"content":{"rendered":"<p class=\"p1\">S. E. mons.<b> Francesco Savino<\/b>, insieme al direttore della Caritas diocesana, don<b> Giuseppe Cascardi<\/b>, al Vicario Generale, don<b> Annunziato Laitano<\/b>, al direttore dell\u2019Ufficio Tecnico diocesano, l\u2019architetto <b>Nicola Bruno<\/b>, e al parroco di Sibari, don<b> Pietro Groccia<\/b>, ha effettuato un primo sopralluogo nelle aree colpite dall\u2019esondazione del fiume Crati.<\/p>\n<p class=\"p1\">Nel corso della visita sono state incontrate e ascoltate diverse famiglie, raccogliendo testimonianze e bisogni concreti, e si \u00e8 avviata una prima valutazione tecnica e pastorale per individuare le modalit\u00e0 pi\u00f9 efficaci di intervento a sostegno di quanti si trovano in difficolt\u00e0.<\/p>\n<p class=\"p1\">Il Presidente della Conferenza Episcopale Italiana, il Cardinale <b>Matteo Zuppi<\/b>, ha contattato telefonicamente Mons. Savino, esprimendo la massima disponibilit\u00e0 e vicinanza da parte della Chiesa italiana e di Caritas Italiana a sostegno della Diocesi in questo tempo di emergenza.<\/p>\n<p class=\"p1\">Anche don<b> Marco Pagniello<\/b>, Direttore di Caritas Italiana, ha contattato la Caritas diocesana, assicurando accompagnamento operativo e suggerendo uno stile di intervento fondato sull\u2019ascolto, sul coordinamento con le istituzioni e su una risposta ordinata, concreta e condivisa ai bisogni delle famiglie.<\/p>\n<p class=\"p1\">A partire da gioved\u00ec sar\u00e0 presente sul territorio un operatore di Caritas Italiana, <b>Ettore Fusaro<\/b>, che affiancher\u00e0 la Caritas diocesana nelle attivit\u00e0 di monitoraggio, valutazione dei bisogni e coordinamento degli interventi.<\/p>\n<p class=\"p1\">Tutta la Delegazione regionale Caritas ha espresso vicinanza e sostegno alla Diocesi in questo momento di prova. In particolare, don<b> Claudio Cipolla<\/b>, Direttore della Caritas della Diocesi di Rossano-Cariati, \u00e8 stato presente sui luoghi colpiti insieme a don Giuseppe Cascardi, segno concreto della collaborazione fraterna tra le Chiese del territorio.<\/p>\n<p class=\"p3\"><b>Prime indicazioni operative per le parrocchie, le comunit\u00e0 religiose, i movimenti e le associazioni ecclesiali.<\/b><\/p>\n<p class=\"p1\"><b><br \/>\nOgni parrocchia e ogni Caritas parrocchiale attivi un punto di raccolta<\/b> per beni di prima necessit\u00e0.<span class=\"Apple-converted-space\">\u00a0<\/span><\/p>\n<p class=\"p1\">Sono attualmente necessari:<\/p>\n<ul class=\"ul1\">\n<li class=\"li1\"><span class=\"s1\">\u00b7 <\/span><b>Generi alimentari a lunga conservazione<\/b>: pasta e riso, olio, latte, legumi in scatola o secchi, tonno e carne in scatola, conserve di pomodoro e sughi pronti, sale, prodotti per la colazione;<\/li>\n<li class=\"li1\"><span class=\"s1\">\u00b7 <\/span><b>Prodotti per l\u2019infanzia<\/b>: pannolini, salviette, detergenti delicati, latte in polvere, omogeneizzati, cereali o farine, pastine;<\/li>\n<li class=\"li1\"><span class=\"s1\">\u00b7 <\/span><b>Prodotti per l\u2019igiene personale<\/b>: sapone, shampoo, dentifricio, detergente intimo;<\/li>\n<li class=\"li1\"><span class=\"s1\">\u00b7 <\/span><b>Prodotti per la pulizia delle abitazioni e degli edifici colpiti dall\u2019esondazione<\/b>: candeggina, disinfettanti, detergenti sgrassanti, guanti resistenti, mascherine, spugne abrasive, stracci, secchi, scope, palette, sacchi per rifiuti resistenti;<\/li>\n<li class=\"li1\"><span class=\"s1\">\u00b7 <\/span><b>Attrezzature per la rimozione del fango e il ripristino degli ambienti<\/b>: pale, stivali in gomma, tira-acqua, spazzoloni, idropulitrici, pompe per aspirazione dell\u2019acqua.<span class=\"Apple-converted-space\">\u00a0<\/span><\/li>\n<\/ul>\n<p class=\"p1\">Una volta completata la raccolta, ogni parrocchia provveder\u00e0 a consegnare il materiale presso il <b>Dormitorio \u201cPadre Lazzaro Longobardi\u201d<\/b> di Sibari, in Viale Magna Grecia, <b>contattando preventivamente<\/b> le operatrici Caritas, Giusi Campana (338 2501674) oppure Simona Campana (331 8389949), per concordare modalit\u00e0 e tempi di consegna.<\/p>\n<p class=\"p1\">La Diocesi continuer\u00e0 a monitorare costantemente la situazione e fornir\u00e0 ulteriori aggiornamenti operativi, assicurando la presenza di un <b>Centro di Ascolto permanente<\/b> durante questi giorni di emergenza, quale segno concreto di prossimit\u00e0 e accompagnamento alle famiglie colpite.<\/p>\n<p class=\"p1\">Cassano all\u2019Ionio, 14\/02\/2026<\/p>\n<p class=\"p1\"><i>don Giuseppe Cascardi<br \/>\n<\/i>Direttore della Caritas diocesana<\/p>\n","protected":false},"excerpt":{"rendered":"<p>S. E. mons. Francesco Savino, insieme al direttore della Caritas diocesana, don Giuseppe Cascardi, al Vicario Generale, don Annunziato Laitano, al direttore dell\u2019Ufficio Tecnico diocesano, l\u2019architetto Nicola Bruno, e al parroco di Sibari, don Pietro Groccia, ha effettuato un primo sopralluogo nelle aree colpite dall\u2019esondazione del fiume Crati. Nel corso della visita sono state incontrate [&hellip;]<\/p>\n","protected":false},"author":0,"featured_media":707,"comment_status":"closed","ping_status":"closed","sticky":false,"template":"","format":"standard","meta":{"_acf_changed":false,"footnotes":""},"categories":[2],"tags":[],"acf":{"seed-localization-paese-cod":"","seed-localization-address":"","seed-localization-citta":"","seed-localization-regione-cod-istat":"","seed-localization-citta-cod-istat":"","seed-localization-localita":"","seed-localization-cap":"","seed-localization-geo":{"lat":41.90552298770031,"lng":12.509441971778871,"zoom":10,"markers":[],"address":"","layers":["OpenStreetMap.Mapnik"]},"seed-localization-marker-visibility":false,"seed-localization-children-visibility":false,"seed-localization-kml":null,"seed-localization-custom-marker":null},"_links":{"self":[{"href":"https:\/\/www.diocesicassanoalloionio.it\/caritas\/wp-json\/wp\/v2\/posts\/706"}],"collection":[{"href":"https:\/\/www.diocesicassanoalloionio.it\/caritas\/wp-json\/wp\/v2\/posts"}],"about":[{"href":"https:\/\/www.diocesicassanoalloionio.it\/caritas\/wp-json\/wp\/v2\/types\/post"}],"author":[{"embeddable":true,"href":"https:\/\/www.diocesicassanoalloionio.it\/caritas\/wp-json\/wp\/v2\/users\/8"}],"replies":[{"embeddable":true,"href":"https:\/\/www.diocesicassanoalloionio.it\/caritas\/wp-json\/wp\/v2\/comments?post=706"}],"version-history":[{"count":2,"href":"https:\/\/www.diocesicassanoalloionio.it\/caritas\/wp-json\/wp\/v2\/posts\/706\/revisions"}],"predecessor-version":[{"id":709,"href":"https:\/\/www.diocesicassanoalloionio.it\/caritas\/wp-json\/wp\/v2\/posts\/706\/revisions\/709"}],"wp:featuredmedia":[{"embeddable":true,"href":"https:\/\/www.diocesicassanoalloionio.it\/caritas\/wp-json\/wp\/v2\/media\/707"}],"wp:attachment":[{"href":"https:\/\/www.diocesicassanoalloionio.it\/caritas\/wp-json\/wp\/v2\/media?parent=706"}],"wp:term":[{"taxonomy":"category","embeddable":true,"href":"https:\/\/www.diocesicassanoalloionio.it\/caritas\/wp-json\/wp\/v2\/categories?post=706"},{"taxonomy":"post_tag","embeddable":true,"href":"https:\/\/www.diocesicassanoalloionio.it\/caritas\/wp-json\/wp\/v2\/tags?post=706"}],"curies":[{"name":"wp","href":"https:\/\/api.w.org\/{rel}","templated":true}]}}