{"id":796,"date":"2026-03-02T19:28:37","date_gmt":"2026-03-02T18:28:37","guid":{"rendered":"https:\/\/www.diocesicassanoalloionio.it\/caritas\/?p=796"},"modified":"2026-03-02T19:28:37","modified_gmt":"2026-03-02T18:28:37","slug":"aggiornamento-alluvione-sibaritide","status":"publish","type":"post","link":"https:\/\/www.diocesicassanoalloionio.it\/caritas\/aggiornamento-alluvione-sibaritide\/","title":{"rendered":"Aggiornamento alluvione Sibaritide"},"content":{"rendered":"<p align=\"justify\">\u201c<span style=\"font-family: 'Times New Roman', serif\"><span style=\"font-size: large\">Allora Ges\u00f9 gli disse: \u00abChe cosa vuoi che io faccia per te?\u00bb.<\/span><\/span><\/p>\n<p align=\"justify\"><span style=\"font-family: Times New Roman, serif\"><span style=\"font-size: large\">E il cieco gli rispose: \u00abRabbun\u00ec, che io veda di nuovo!\u00bb\u201d (Mc 10, 51)<\/span><\/span><\/p>\n<p align=\"justify\"><span style=\"font-family: Times New Roman, serif\"><span style=\"font-size: large\">Non tutte le ferite lasciate dall\u2019alluvione sono visibili.<\/span><\/span><\/p>\n<p align=\"justify\"><span style=\"font-family: Times New Roman, serif\"><span style=\"font-size: large\">Accanto alle case danneggiate e ai beni perduti, emergono fragilit\u00e0 interiori che chiedono ascolto, cura e accompagnamento.<\/span><\/span><\/p>\n<p align=\"justify\"><span style=\"font-family: Times New Roman, serif\"><span style=\"font-size: large\">Prosegue in questi giorni l\u2019attivit\u00e0 di visita e mappatura dei bisogni nelle abitazioni delle famiglie colpite dall\u2019esondazione del fiume Crati, in particolare nelle zone di Lattughelle e dei Laghi di Sibari. <\/span><\/span><\/p>\n<p align=\"justify\"><span style=\"font-family: Times New Roman, serif\"><span style=\"font-size: large\">Le operatrici della Caritas Diocesana stanno entrando nelle case per incontrare le persone, raccogliere i bisogni pi\u00f9 urgenti e proseguire un lavoro di accompagnamento che va oltre la sola consegna dei beni materiali.<\/span><\/span><\/p>\n<p align=\"justify\"><span style=\"font-family: Times New Roman, serif\"><span style=\"font-size: large\">Entrare nelle abitazioni significa toccare con mano le conseguenze dell\u2019alluvione: ambienti ancora segnati dall\u2019umidit\u00e0, arredi ed elettrodomestici compromessi, difficolt\u00e0 nel ripristinare una quotidianit\u00e0 serena. Ma, accanto ai danni materiali, emerge con forza anche un impatto emotivo significativo: senso di vulnerabilit\u00e0, paura di nuove piogge, stanchezza e incertezza rispetto al futuro. Particolarmente delicate risultano le situazioni che coinvolgono anziani soli e famiglie con minori.<\/span><\/span><\/p>\n<p align=\"justify\"><span style=\"font-family: Times New Roman, serif\"><span style=\"font-size: large\">Per questo motivo, accanto alla distribuzione dei beni di prima necessit\u00e0 e dei materiali per la pulizia delle abitazioni, abbiamo attivato un <\/span><\/span><span style=\"font-family: Times New Roman, serif\"><span style=\"font-size: large\"><b>servizio di supporto psicologico<\/b><\/span><\/span><span style=\"font-family: Times New Roman, serif\"><span style=\"font-size: large\"> rivolto ad adulti, famiglie, bambini e adolescenti che stanno vivendo un momento di forte stress emotivo.<\/span><\/span><\/p>\n<p align=\"justify\"><span style=\"font-family: Times New Roman, serif\"><span style=\"font-size: large\">Come gi\u00e0 comunicato, il servizio \u00e8 coordinato dalla dott.ssa Silvia Cirigliano, psicoterapeuta cognitivo-comportamentale, e offrir\u00e0 uno spazio di ascolto qualificato e riservato. Abbiamo inoltre accolto con gratitudine la disponibilit\u00e0 di padre Franco Granata che, compatibilmente con il suo ministero e secondo le necessit\u00e0 che emergeranno, potr\u00e0 affiancare il servizio.<\/span><\/span><\/p>\n<p align=\"justify\"><span style=\"font-family: Times New Roman, serif\"><span style=\"font-size: large\">Il servizio psicologico \u00e8 attivo su appuntamento al numero:<\/span><\/span><\/p>\n<p align=\"justify\"><span style=\"font-family: Times New Roman, serif\"><span style=\"font-size: large\"><b>353 3284359<\/b><\/span><\/span><\/p>\n<p align=\"justify\"><span style=\"font-family: Times New Roman, serif\"><span style=\"font-size: large\">Per tutte le richieste e segnalazioni legate all\u2019emergenza \u00e8 attiva la mail: <\/span><\/span><span style=\"font-family: Times New Roman, serif\"><span style=\"font-size: large\"><b>emergenzecaritascassanojonio@gmail.com<\/b><\/span><\/span><\/p>\n<p align=\"justify\"><span style=\"font-family: Times New Roman, serif\"><span style=\"font-size: large\">Resta inoltre sempre operativo il <\/span><\/span><span style=\"font-family: Times New Roman, serif\"><span style=\"font-size: large\"><b>Centro di Ascolto Caritas diocesana<\/b><\/span><\/span><span style=\"font-family: Times New Roman, serif\"><span style=\"font-size: large\"> al numero:<br \/>\n<\/span><\/span><span style=\"font-family: Times New Roman, serif\"><span style=\"font-size: large\"><b>379 1883897<\/b><\/span><\/span><\/p>\n<p align=\"justify\"><span style=\"font-family: Times New Roman, serif\"><span style=\"font-size: large\">La ricostruzione non riguarda soltanto le case, ma anche le persone.<\/span><\/span><\/p>\n<p align=\"justify\"><span style=\"font-family: Times New Roman, serif\"><span style=\"font-size: large\">La Caritas Diocesana continuer\u00e0 ad esserci, con discrezione e fedelt\u00e0, accanto a chi soffre, perch\u00e9 l\u2019emergenza non \u00e8 solo un evento, ma un cammino che chiede presenza nel tempo.<\/span><\/span><\/p>\n<p align=\"justify\"><span style=\"font-family: Times New Roman, serif\"><span style=\"font-size: large\">Cassano all\u2019Ionio, 02\/03\/2026<\/span><\/span><\/p>\n<p align=\"center\"><span style=\"font-family: Times New Roman, serif\"><span style=\"font-size: large\"><i>don Giuseppe Cascardi<\/i><\/span><\/span><\/p>\n<p align=\"center\"><span style=\"font-family: Times New Roman, serif\"><span style=\"font-size: medium\">Direttore della Caritas diocesana<br \/>\n<\/span><\/span><\/p>\n<p style=\"text-align: left\" align=\"center\"><img loading=\"lazy\" decoding=\"async\" class=\"alignnone size-medium wp-image-800\" src=\"https:\/\/www.diocesicassanoalloionio.it\/caritas\/wp-content\/uploads\/sites\/3\/2026\/03\/Sostegno-Psicologico-Emergenza-Sibaritide-240x300.jpg\" alt=\"\" width=\"240\" height=\"300\" srcset=\"https:\/\/www.diocesicassanoalloionio.it\/caritas\/wp-content\/uploads\/sites\/3\/2026\/03\/Sostegno-Psicologico-Emergenza-Sibaritide-240x300.jpg 240w, https:\/\/www.diocesicassanoalloionio.it\/caritas\/wp-content\/uploads\/sites\/3\/2026\/03\/Sostegno-Psicologico-Emergenza-Sibaritide-819x1024.jpg 819w, https:\/\/www.diocesicassanoalloionio.it\/caritas\/wp-content\/uploads\/sites\/3\/2026\/03\/Sostegno-Psicologico-Emergenza-Sibaritide-768x960.jpg 768w, https:\/\/www.diocesicassanoalloionio.it\/caritas\/wp-content\/uploads\/sites\/3\/2026\/03\/Sostegno-Psicologico-Emergenza-Sibaritide-1229x1536.jpg 1229w, https:\/\/www.diocesicassanoalloionio.it\/caritas\/wp-content\/uploads\/sites\/3\/2026\/03\/Sostegno-Psicologico-Emergenza-Sibaritide-1638x2048.jpg 1638w, https:\/\/www.diocesicassanoalloionio.it\/caritas\/wp-content\/uploads\/sites\/3\/2026\/03\/Sostegno-Psicologico-Emergenza-Sibaritide-scaled.jpg 2048w\" sizes=\"(max-width: 240px) 100vw, 240px\" \/><\/p>\n","protected":false},"excerpt":{"rendered":"<p>\u201cAllora Ges\u00f9 gli disse: \u00abChe cosa vuoi che io faccia per te?\u00bb. E il cieco gli rispose: \u00abRabbun\u00ec, che io veda di nuovo!\u00bb\u201d (Mc 10, 51) Non tutte le ferite lasciate dall\u2019alluvione sono visibili. Accanto alle case danneggiate e ai beni perduti, emergono fragilit\u00e0 interiori che chiedono ascolto, cura e accompagnamento. Prosegue in questi giorni [&hellip;]<\/p>\n","protected":false},"author":0,"featured_media":799,"comment_status":"closed","ping_status":"closed","sticky":false,"template":"","format":"standard","meta":{"_acf_changed":false,"footnotes":""},"categories":[2],"tags":[],"acf":{"seed-localization-paese-cod":"","seed-localization-address":"","seed-localization-citta":"","seed-localization-regione-cod-istat":"","seed-localization-citta-cod-istat":"","seed-localization-localita":"","seed-localization-cap":"","seed-localization-geo":{"lat":41.90552298770031,"lng":12.509441971778871,"zoom":10,"markers":[],"address":"","layers":["OpenStreetMap.Mapnik"]},"seed-localization-marker-visibility":false,"seed-localization-children-visibility":false,"seed-localization-kml":null,"seed-localization-custom-marker":null},"_links":{"self":[{"href":"https:\/\/www.diocesicassanoalloionio.it\/caritas\/wp-json\/wp\/v2\/posts\/796"}],"collection":[{"href":"https:\/\/www.diocesicassanoalloionio.it\/caritas\/wp-json\/wp\/v2\/posts"}],"about":[{"href":"https:\/\/www.diocesicassanoalloionio.it\/caritas\/wp-json\/wp\/v2\/types\/post"}],"author":[{"embeddable":true,"href":"https:\/\/www.diocesicassanoalloionio.it\/caritas\/wp-json\/wp\/v2\/users\/8"}],"replies":[{"embeddable":true,"href":"https:\/\/www.diocesicassanoalloionio.it\/caritas\/wp-json\/wp\/v2\/comments?post=796"}],"version-history":[{"count":1,"href":"https:\/\/www.diocesicassanoalloionio.it\/caritas\/wp-json\/wp\/v2\/posts\/796\/revisions"}],"predecessor-version":[{"id":801,"href":"https:\/\/www.diocesicassanoalloionio.it\/caritas\/wp-json\/wp\/v2\/posts\/796\/revisions\/801"}],"wp:featuredmedia":[{"embeddable":true,"href":"https:\/\/www.diocesicassanoalloionio.it\/caritas\/wp-json\/wp\/v2\/media\/799"}],"wp:attachment":[{"href":"https:\/\/www.diocesicassanoalloionio.it\/caritas\/wp-json\/wp\/v2\/media?parent=796"}],"wp:term":[{"taxonomy":"category","embeddable":true,"href":"https:\/\/www.diocesicassanoalloionio.it\/caritas\/wp-json\/wp\/v2\/categories?post=796"},{"taxonomy":"post_tag","embeddable":true,"href":"https:\/\/www.diocesicassanoalloionio.it\/caritas\/wp-json\/wp\/v2\/tags?post=796"}],"curies":[{"name":"wp","href":"https:\/\/api.w.org\/{rel}","templated":true}]}}