{"id":804,"date":"2026-03-14T08:18:59","date_gmt":"2026-03-14T07:18:59","guid":{"rendered":"https:\/\/www.diocesicassanoalloionio.it\/caritas\/?p=804"},"modified":"2026-03-14T08:18:59","modified_gmt":"2026-03-14T07:18:59","slug":"emergenza-alluvione-sibaritide-6","status":"publish","type":"post","link":"https:\/\/www.diocesicassanoalloionio.it\/caritas\/emergenza-alluvione-sibaritide-6\/","title":{"rendered":"Emergenza Alluvione Sibaritide"},"content":{"rendered":"<p align=\"justify\"><span style=\"font-family: Times New Roman, serif\"><span style=\"font-size: large\">A un mese esatto dalla prima esondazione del fiume Crati, prosegue l\u2019impegno della <\/span><\/span><span style=\"font-family: Times New Roman, serif\"><span style=\"font-size: large\"><b>Caritas Diocesana di Cassano all\u2019Jonio<\/b><\/span><\/span><span style=\"font-family: Times New Roman, serif\"><span style=\"font-size: large\">, sostenuta e incoraggiata dal nostro Vescovo, <\/span><\/span><span style=\"font-family: Times New Roman, serif\"><span style=\"font-size: large\"><b>mons. Francesco Savino<\/b><\/span><\/span><span style=\"font-family: Times New Roman, serif\"><span style=\"font-size: large\">, accanto alle comunit\u00e0 duramente colpite dall\u2019alluvione nel territorio di Sibari, in particolare nelle zone di Lattughelle e dei Laghi di Sibari. L\u2019emergenza non pu\u00f2 dirsi ancora conclusa. In molte abitazioni si continua a lavorare per ripulire gli ambienti dal fango e cercare di ripristinare condizioni minime di vivibilit\u00e0.<\/span><\/span><\/p>\n<p align=\"justify\"><span style=\"font-family: Times New Roman, serif\"><span style=\"font-size: large\">In questi giorni le operatrici della Caritas stanno proseguendo le visite nelle case delle famiglie colpite, incontrando le persone, ascoltando le loro storie e raccogliendo i bisogni che emergono man mano che le abitazioni vengono sistemate. \u00c8 un lavoro paziente e delicato, che permette di comprendere pi\u00f9 a fondo le difficolt\u00e0 che molte famiglie stanno ancora affrontando.<\/span><\/span><\/p>\n<p align=\"justify\"><span style=\"font-family: Times New Roman, serif\"><span style=\"font-size: large\">Ai Laghi di Sibari, ancora sono in atto le operazioni di pulizia degli appartamenti.<\/span><\/span><\/p>\n<p align=\"justify\"><span style=\"font-family: Times New Roman, serif\"><span style=\"font-size: large\">Anche alcune operatrici della Caritas hanno offerto il proprio aiuto concreto nelle <\/span><\/span><span style=\"font-family: Times New Roman, serif\"><span style=\"font-size: large\">operazioni di pulizia di alcune abitazioni, condividendo con le famiglie la fatica e <\/span><\/span><span style=\"font-family: Times New Roman, serif\"><span style=\"font-size: large\">la complessit\u00e0 di questi giorni.<\/span><\/span><\/p>\n<p align=\"justify\"><span style=\"font-family: Times New Roman, serif\"><span style=\"font-size: large\"><br \/>\nIn questo tempo di emergenza si \u00e8 rivelata particolarmente preziosa la disponibilit\u00e0 del Dormitorio \u201cPadre Lazzaro Longobardi\u201d, che continua ad essere un punto di riferimento importante per l\u2019accoglienza e il coordinamento degli aiuti. Qui abbiamo potuto accogliere sia alcuni fratelli immigrati che abitavano ai Laghi di Sibari per motivi di lavoro, sia una coppia di fratelli di Lattughelle gravemente colpiti dall\u2019alluvione, offrendo loro un luogo sicuro dove poter trovare riparo e sostegno. La presenza del dormitorio si \u00e8 dimostrata, ancora una volta, uno strumento fondamentale per rispondere con prontezza alle situazioni di maggiore fragilit\u00e0.<\/span><\/span><\/p>\n<p align=\"justify\"><span style=\"font-family: Times New Roman, serif\"><span style=\"font-size: large\">Accanto alla distribuzione dei beni di prima necessit\u00e0 e dei materiali utili per la pulizia delle case, continua il lavoro di ascolto e accompagnamento delle persone. In questo contesto \u00e8 stato avviato anche il <\/span><\/span><span style=\"font-family: Times New Roman, serif\"><span style=\"font-size: large\"><b>servizio di supporto psicologico<\/b><\/span><\/span><span style=\"font-family: Times New Roman, serif\"><span style=\"font-size: large\">, attivato dalla Caritas Diocesana per offrire uno spazio di ascolto a quanti stanno vivendo un momento di particolare fragilit\u00e0 emotiva. Il servizio resta disponibile su appuntamento.<\/span><\/span><\/p>\n<p align=\"justify\"><span style=\"font-family: Times New Roman, serif\"><span style=\"font-size: large\">Prosegue inoltre la <\/span><\/span><span style=\"font-family: Times New Roman, serif\"><span style=\"font-size: large\"><b>raccolta fondi straordinaria \u201cEmergenza Alluvione Sibaritide\u201d<\/b><\/span><\/span><span style=\"font-family: Times New Roman, serif\"><span style=\"font-size: large\">, strumento indispensabile per sostenere le famiglie nel percorso di ripresa e per affrontare nel tempo le situazioni pi\u00f9 difficili.<\/span><\/span><\/p>\n<p align=\"justify\"><span style=\"font-family: Times New Roman, serif\"><span style=\"font-size: large\">Le offerte possono essere inviate tramite:<\/span><\/span><\/p>\n<p align=\"justify\"><span style=\"font-family: Times New Roman, serif\"><span style=\"font-size: large\"><b>Bonifico Bancario<\/b><\/span><\/span><\/p>\n<p align=\"justify\"><span style=\"font-family: Times New Roman, serif\"><span style=\"font-size: large\"><b>IBAN:<\/b><\/span><\/span><span style=\"font-family: Times New Roman, serif\"><span style=\"font-size: large\"> IT37 V076 0116 2000 0001 3001 870<\/span><\/span><\/p>\n<p align=\"justify\"><span style=\"font-family: Times New Roman, serif\"><span style=\"font-size: large\"><b>BancoPosta<br \/>\n<\/b><\/span><\/span><span style=\"font-family: Times New Roman, serif\"><span style=\"font-size: large\">Intestato a: <\/span><\/span><span style=\"font-family: Times New Roman, serif\"><span style=\"font-size: large\"><i>Curia Vescovile di Cassano all\u2019Jonio<\/i><\/span><\/span><\/p>\n<p align=\"justify\"><span style=\"font-family: Times New Roman, serif\"><span style=\"font-size: large\"><b>IBAN:<\/b><\/span><\/span><span style=\"font-family: Times New Roman, serif\"><span style=\"font-size: large\"> IT61 X030 6234 2100 0000 2478 892<\/span><\/span><\/p>\n<p align=\"justify\"><span style=\"font-family: Times New Roman, serif\"><span style=\"font-size: large\"><b>Banca Mediolanum S.p.A.<\/b><\/span><\/span><\/p>\n<p align=\"justify\"><span style=\"font-family: Times New Roman, serif\"><span style=\"font-size: large\">Intestato a: <\/span><\/span><span style=\"font-family: Times New Roman, serif\"><span style=\"font-size: large\"><i>Diocesi di Cassano allo Jonio<\/i><\/span><\/span><\/p>\n<p align=\"justify\"><span style=\"font-family: Times New Roman, serif\"><span style=\"font-size: large\"><b>Causale:<\/b><\/span><\/span> <span style=\"font-family: Times New Roman, serif\"><span style=\"font-size: large\"><i>Emergenza Alluvione Sibaritide<\/i><\/span><\/span><\/p>\n<p align=\"justify\"><span style=\"font-family: Times New Roman, serif\"><span style=\"font-size: large\">Continua anche la richiesta di <\/span><\/span><span style=\"font-family: Times New Roman, serif\"><span style=\"font-size: large\"><b>beni di prima necessit\u00e0<\/b><\/span><\/span><span style=\"font-family: Times New Roman, serif\"><span style=\"font-size: large\">, in particolare prodotti per la pulizia della casa, per l\u2019igiene personale e alcuni generi alimentari di base. In questo momento risultano particolarmente utili:<\/span><\/span><\/p>\n<ul>\n<li>\n<p align=\"justify\"><span style=\"font-family: Times New Roman, serif\"><span style=\"font-size: large\">detersivo per piatti<\/span><\/span><\/p>\n<\/li>\n<li>\n<p align=\"justify\"><span style=\"font-family: Times New Roman, serif\"><span style=\"font-size: large\">detersivo per lavatrice<\/span><\/span><\/p>\n<\/li>\n<li>\n<p align=\"justify\"><span style=\"font-family: Times New Roman, serif\"><span style=\"font-size: large\">detersivo per pavimenti e sgrassatori<\/span><\/span><\/p>\n<\/li>\n<li>\n<p align=\"justify\"><span style=\"font-family: Times New Roman, serif\"><span style=\"font-size: large\">panni per la polvere e panni per superfici<\/span><\/span><\/p>\n<\/li>\n<li>\n<p align=\"justify\"><span style=\"font-family: Times New Roman, serif\"><span style=\"font-size: large\">mocio e stracci per pavimenti<\/span><\/span><\/p>\n<\/li>\n<li>\n<p align=\"justify\"><span style=\"font-family: Times New Roman, serif\"><span style=\"font-size: large\">buste per la spazzatura (grandi, medie e piccole)<\/span><\/span><\/p>\n<\/li>\n<li>\n<p align=\"justify\"><span style=\"font-family: Times New Roman, serif\"><span style=\"font-size: large\">carta igienica, rotoloni, scottex e tovaglioli<\/span><\/span><\/p>\n<\/li>\n<li>\n<p align=\"justify\"><span style=\"font-family: Times New Roman, serif\"><span style=\"font-size: large\">shampoo, bagnoschiuma e sapone per le mani<\/span><\/span><\/p>\n<\/li>\n<li>\n<p align=\"justify\"><span style=\"font-family: Times New Roman, serif\"><span style=\"font-size: large\">latte, caff\u00e8 in polvere e zucchero<\/span><\/span><\/p>\n<\/li>\n<li>\n<p align=\"justify\"><span style=\"font-family: Times New Roman, serif\"><span style=\"font-size: large\">alimenti per colazione e merenda<\/span><\/span><\/p>\n<\/li>\n<li>\n<p align=\"justify\"><span style=\"font-family: Times New Roman, serif\"><span style=\"font-size: large\">farina, olio e sale<\/span><\/span><\/p>\n<\/li>\n<li>\n<p align=\"justify\"><span style=\"font-family: Times New Roman, serif\"><span style=\"font-size: large\">tonno in scatola<\/span><\/span><\/p>\n<\/li>\n<li>\n<p align=\"justify\"><span style=\"font-family: Times New Roman, serif\"><span style=\"font-size: large\">conserve di pomodoro<\/span><\/span><\/p>\n<\/li>\n<\/ul>\n<p align=\"justify\"><span style=\"font-family: Times New Roman, serif\"><span style=\"font-size: large\">In vista della Pasqua desideriamo <\/span><\/span><span style=\"font-family: Times New Roman, serif\"><span style=\"font-size: large\"><b>avviare anche una raccolta di uova di cioccolato da destinare ai bambini e ai ragazzi delle famiglie colpite dall\u2019alluvione<\/b><\/span><\/span><span style=\"font-family: Times New Roman, serif\"><span style=\"font-size: large\">. In un tempo segnato da tante difficolt\u00e0, vogliamo offrire ai pi\u00f9 piccoli un gesto semplice ma significativo di vicinanza e di conforto, capace di portare un momento di gioia e di speranza.<\/span><\/span><\/p>\n<p align=\"justify\"><span style=\"font-family: Times New Roman, serif\"><span style=\"font-size: large\">Chiediamo, per quanto possibile, di prestare attenzione affinch\u00e9 le uova raccolte siano <\/span><\/span><span style=\"font-family: Times New Roman, serif\"><span style=\"font-size: large\"><b>equilibrate tra maschili, femminili oppure di tipo neutro\/unisex<\/b><\/span><\/span><span style=\"font-family: Times New Roman, serif\"><span style=\"font-size: large\">, cos\u00ec da poterle distribuire in modo adeguato ai minori presenti nelle famiglie.<\/span><\/span><\/p>\n<p align=\"justify\"><span style=\"font-family: Times New Roman, serif\"><span style=\"font-size: large\">La Caritas Diocesana continuer\u00e0 ad essere presente sul territorio con discrezione e costanza, perch\u00e9 l\u2019emergenza non si esaurisce nei primi giorni ma richiede un accompagnamento nel tempo, fatto di ascolto, vicinanza e solidariet\u00e0 concreta.<\/span><\/span><\/p>\n<p align=\"justify\"><span style=\"font-family: Times New Roman, serif\"><span style=\"font-size: large\">Cassano all\u2019Ionio, 13\/03\/2026<\/span><\/span><\/p>\n<p align=\"center\"><span style=\"font-family: Times New Roman, serif\"><span style=\"font-size: large\"><i>don Giuseppe Cascardi<\/i><\/span><\/span><\/p>\n<p align=\"center\"><span style=\"font-family: Times New Roman, serif\"><span style=\"font-size: medium\">Direttore della Caritas diocesana<br \/>\n<\/span><\/span><\/p>\n<p align=\"center\">\n<p align=\"center\">\n","protected":false},"excerpt":{"rendered":"<p>A un mese esatto dalla prima esondazione del fiume Crati, prosegue l\u2019impegno della Caritas Diocesana di Cassano all\u2019Jonio, sostenuta e incoraggiata dal nostro Vescovo, mons. Francesco Savino, accanto alle comunit\u00e0 duramente colpite dall\u2019alluvione nel territorio di Sibari, in particolare nelle zone di Lattughelle e dei Laghi di Sibari. L\u2019emergenza non pu\u00f2 dirsi ancora conclusa. In [&hellip;]<\/p>\n","protected":false},"author":0,"featured_media":806,"comment_status":"closed","ping_status":"closed","sticky":false,"template":"","format":"standard","meta":{"_acf_changed":false,"footnotes":""},"categories":[2],"tags":[],"acf":{"seed-localization-paese-cod":"","seed-localization-address":"","seed-localization-citta":"","seed-localization-regione-cod-istat":"","seed-localization-citta-cod-istat":"","seed-localization-localita":"","seed-localization-cap":"","seed-localization-geo":{"lat":41.9053433,"lng":12.5099945,"zoom":10,"markers":[],"address":"","layers":["OpenStreetMap.Mapnik"],"version":"1.5.6"},"seed-localization-marker-visibility":false,"seed-localization-children-visibility":false,"seed-localization-kml":"","seed-localization-custom-marker":""},"_links":{"self":[{"href":"https:\/\/www.diocesicassanoalloionio.it\/caritas\/wp-json\/wp\/v2\/posts\/804"}],"collection":[{"href":"https:\/\/www.diocesicassanoalloionio.it\/caritas\/wp-json\/wp\/v2\/posts"}],"about":[{"href":"https:\/\/www.diocesicassanoalloionio.it\/caritas\/wp-json\/wp\/v2\/types\/post"}],"author":[{"embeddable":true,"href":"https:\/\/www.diocesicassanoalloionio.it\/caritas\/wp-json\/wp\/v2\/users\/8"}],"replies":[{"embeddable":true,"href":"https:\/\/www.diocesicassanoalloionio.it\/caritas\/wp-json\/wp\/v2\/comments?post=804"}],"version-history":[{"count":2,"href":"https:\/\/www.diocesicassanoalloionio.it\/caritas\/wp-json\/wp\/v2\/posts\/804\/revisions"}],"predecessor-version":[{"id":808,"href":"https:\/\/www.diocesicassanoalloionio.it\/caritas\/wp-json\/wp\/v2\/posts\/804\/revisions\/808"}],"wp:featuredmedia":[{"embeddable":true,"href":"https:\/\/www.diocesicassanoalloionio.it\/caritas\/wp-json\/wp\/v2\/media\/806"}],"wp:attachment":[{"href":"https:\/\/www.diocesicassanoalloionio.it\/caritas\/wp-json\/wp\/v2\/media?parent=804"}],"wp:term":[{"taxonomy":"category","embeddable":true,"href":"https:\/\/www.diocesicassanoalloionio.it\/caritas\/wp-json\/wp\/v2\/categories?post=804"},{"taxonomy":"post_tag","embeddable":true,"href":"https:\/\/www.diocesicassanoalloionio.it\/caritas\/wp-json\/wp\/v2\/tags?post=804"}],"curies":[{"name":"wp","href":"https:\/\/api.w.org\/{rel}","templated":true}]}}