{"id":226,"date":"2024-06-17T11:52:21","date_gmt":"2024-06-17T09:52:21","guid":{"rendered":"https:\/\/www.diocesicassanoalloionio.it\/disabilita\/?p=226"},"modified":"2024-06-17T11:52:21","modified_gmt":"2024-06-17T09:52:21","slug":"giochi-senza-barrire","status":"publish","type":"post","link":"https:\/\/www.diocesicassanoalloionio.it\/disabilita\/giochi-senza-barrire\/","title":{"rendered":"Giochi senza Barrire"},"content":{"rendered":"<p>Cercare di dare un approccio integrato al tema della disabilit\u00e0 perch\u00e9 i ragazzi che hanno pi\u00f9 bisogno di aiuto necessitano di maggiori attenzioni in tutte le cose che si fanno, dallo sport alla cultura all&#8217;accesso, a quelle che sono le infrastrutture, all&#8217;uso dei servizi. Questo il leit motiv che sta seguendo la Diocesi di Cassano all\u2019Jonio, sotto le indicazioni del suo Pastore Mons. Francesco Savino e ben recepite dall\u2019ufficio diocesano di Pastorale per le persone con disabilit\u00e0 diretto dal diacono don Vincenzo Stivala. Per questo dopo la Via Crucis della Disabilit\u00e0 in vista della bella stagione arrivano anche i \u201cGiochi senza barriere\u201d che si svolgeranno, mercoled\u00ec 26 giugno, con inizio alle ore 17.30, presso la Parrocchia Stella Maris di Villapiana Scalo.<br \/>\nC\u2019\u00e8 bisogno che momenti come questo, in cui le barriere vengono annullate con la partecipazione inclusiva, siano la normalit\u00e0, la quotidianit\u00e0, il nostro vivere in una comunit\u00e0 accogliente, consapevole dove le diversit\u00e0 siano per tutti risorse e non barriere. Prenderanno parte a questo momento di festa e sport tutte le associazioni per disabili che operano sul territorio.<br \/>\n&#8220;Giochi senza barriere\u201d \u00e8, e sar\u00e0, una festa che costruisce ponti sfidando i muri.<\/p>\n<p>Caterina La Banca<br \/>\nDirettore UCS<\/p>\n","protected":false},"excerpt":{"rendered":"<p>Cercare di dare un approccio integrato al tema della disabilit\u00e0 perch\u00e9 i ragazzi che hanno pi\u00f9 bisogno di aiuto necessitano di maggiori attenzioni in tutte le cose che si fanno, dallo sport alla cultura all&#8217;accesso, a quelle che sono le infrastrutture, all&#8217;uso dei servizi. Questo il leit motiv che sta seguendo la Diocesi di Cassano [&hellip;]<\/p>\n","protected":false},"author":0,"featured_media":227,"comment_status":"closed","ping_status":"closed","sticky":false,"template":"","format":"standard","meta":{"_acf_changed":false,"footnotes":""},"categories":[2],"tags":[],"acf":{"seed-localization-paese-cod":"","seed-localization-address":"","seed-localization-citta":"","seed-localization-regione-cod-istat":"","seed-localization-citta-cod-istat":"","seed-localization-localita":"","seed-localization-cap":"","seed-localization-geo":{"lat":41.90552298770031,"lng":12.509441971778871,"zoom":10,"markers":[],"address":"","layers":["OpenStreetMap.Mapnik"]},"seed-localization-marker-visibility":false,"seed-localization-children-visibility":false,"seed-localization-kml":null,"seed-localization-custom-marker":null},"_links":{"self":[{"href":"https:\/\/www.diocesicassanoalloionio.it\/disabilita\/wp-json\/wp\/v2\/posts\/226"}],"collection":[{"href":"https:\/\/www.diocesicassanoalloionio.it\/disabilita\/wp-json\/wp\/v2\/posts"}],"about":[{"href":"https:\/\/www.diocesicassanoalloionio.it\/disabilita\/wp-json\/wp\/v2\/types\/post"}],"author":[{"embeddable":true,"href":"https:\/\/www.diocesicassanoalloionio.it\/disabilita\/wp-json\/wp\/v2\/users\/8"}],"replies":[{"embeddable":true,"href":"https:\/\/www.diocesicassanoalloionio.it\/disabilita\/wp-json\/wp\/v2\/comments?post=226"}],"version-history":[{"count":2,"href":"https:\/\/www.diocesicassanoalloionio.it\/disabilita\/wp-json\/wp\/v2\/posts\/226\/revisions"}],"predecessor-version":[{"id":229,"href":"https:\/\/www.diocesicassanoalloionio.it\/disabilita\/wp-json\/wp\/v2\/posts\/226\/revisions\/229"}],"wp:featuredmedia":[{"embeddable":true,"href":"https:\/\/www.diocesicassanoalloionio.it\/disabilita\/wp-json\/wp\/v2\/media\/227"}],"wp:attachment":[{"href":"https:\/\/www.diocesicassanoalloionio.it\/disabilita\/wp-json\/wp\/v2\/media?parent=226"}],"wp:term":[{"taxonomy":"category","embeddable":true,"href":"https:\/\/www.diocesicassanoalloionio.it\/disabilita\/wp-json\/wp\/v2\/categories?post=226"},{"taxonomy":"post_tag","embeddable":true,"href":"https:\/\/www.diocesicassanoalloionio.it\/disabilita\/wp-json\/wp\/v2\/tags?post=226"}],"curies":[{"name":"wp","href":"https:\/\/api.w.org\/{rel}","templated":true}]}}