{"id":216,"date":"2022-10-11T22:00:00","date_gmt":"2022-10-11T20:00:00","guid":{"rendered":"https:\/\/cassanoalloionio.webdiocesi.it\/evangelizzazione\/vite-che-parlano-veglia-missionaria-e-conferimento-del-mandato-ai-catechisti-e-agli-operatori-pastorali\/"},"modified":"2022-10-11T22:00:00","modified_gmt":"2022-10-11T20:00:00","slug":"vite-che-parlano-veglia-missionaria-e-conferimento-del-mandato-ai-catechisti-e-agli-operatori-pastorali","status":"publish","type":"post","link":"https:\/\/www.diocesicassanoalloionio.it\/evangelizzazione\/vite-che-parlano-veglia-missionaria-e-conferimento-del-mandato-ai-catechisti-e-agli-operatori-pastorali\/","title":{"rendered":"\u201cVITE CHE PARLANO\u201d \u2013 veglia missionaria  e conferimento del mandato ai catechisti e agli operatori pastorali"},"content":{"rendered":"<p>Vite che parlano: \u00e8 lo slogan che accompagner\u00e0 la prossima Giornata Missionaria Mondiale ma anche la Veglia diocesana di preghiera che si terr\u00e0 sabato 29 ottobre alle ore 19 nella Basilica Minore Santa Maria del Lauro di Cassano All\u2019Jonio a cura dell\u2019ufficio evangelizzazione, diretto da don Annunziato Laitano e dell\u2019ufficio missionario diretto da don Mansueto Corrado.<br \/>\nDurante la Veglia il Vescovo della Diocesi di Cassano All\u2019Jonio<strong>, S.E.Rev.ma Mons. Francesco Savino<\/strong> conferir\u00e0 il mandato ai catechisti ed agli operatori pastorali.<br \/>\nLa Veglia Missionaria di quest\u2019anno oltre ad essere cuore pulsante di preghiera per tutti i missionari che rientrano e per coloro che partono per nuove esperienze di servizio, sar\u00e0 anche l\u2019occasione per ricordare che ciascuno di noi \u00e8 chiamato a essere testimone di Ges\u00f9 e del suo Vangelo come invita papa Francesco nel suo messaggio in occasione della Giornata Missionaria Mondiale: \u00abi discepoli sono inviati da Ges\u00f9 al mondo non solo per fare missione, ma anche e soprattutto per vivere la missione; non solo per dare testimonianza, ma anche e soprattutto per essere testimoni di Cristo\u00bb.<br \/>\nAnche in tema di Missione non possiamo dimenticare il \u201ccammino sinodale della Chiesa italiana\u201d che, nell\u2019anno pastorale 2022-2023 prevede un approfondimento della fase di \u201cascolto\u201d iniziata nel precedente anno pastorale: la vita di ogni uomo e donna \u00e8 preziosa e ha qualcosa di significativo da offrire. In particolare vogliamo rivolgere a tutte le comunit\u00e0 cristiane un invito a \u201cmettersi in ascolto\u201d delle vite di tanti missionari e del loro \u201ccamminare insieme\u201d con le Chiese che sono chiamati a servire: sono vite che hanno tante cose da dirci, sia come testimonianze personali di fede e di servizio all\u2019evangelizzazione, sia come esperienze di Chiese particolari che si impegnano a vivere la sinodalit\u00e0. Le loro esperienze di evangelizzazione sono importanti anche per le nostre comunit\u00e0: sono \u00abVite che parlano\u00bb appunto; che parlano di Cristo risorto e vivo, speranza per tutti gli uomini del mondo. Sull\u2019esempio dei missionari vogliamo anche noi imparare a far s\u00ec che le nostre vite \u201cparlino\u201d e siano, pur nella semplicit\u00e0, una testimonianza del Signore Ges\u00f9 e del suo amore.<br \/>\nL\u2019ascolto delle vite dei missionari risvegli in ciascun fedele il desiderio e la disponibilit\u00e0 di partecipare alla missione universale della Chiesa.<\/p>\n<p>La veglia sar\u00e0 trasmessa anche in diretta streaming sul canale YouTube e Facebook della Diocesi di Cassano All\u2019Jonio.<\/p>\n<p>[button text=&#8221;Locandina pdf&#8221; url=&#8221;https:\/\/www.diocesicassanoalloionio.it\/diocesi-cassano-jonio\/wp-content\/uploads\/2022\/10\/locandina-veglia-missionaria-e-madato.pdf&#8221; size=&#8221;small&#8221; type=&#8221;default&#8221; icon=&#8221;download-alt&#8221; iconcolor=&#8221;black&#8221; target=&#8221;_blank&#8221;]<\/p>\n","protected":false},"excerpt":{"rendered":"<p>Vite che parlano: \u00e8 lo slogan che accompagner\u00e0 la prossima Giornata Missionaria Mondiale ma anche la Veglia diocesana di preghiera che si terr\u00e0 sabato 29 ottobre alle ore 19 nella Basilica Minore Santa Maria del Lauro di Cassano All\u2019Jonio a cura dell\u2019ufficio evangelizzazione, diretto da don Annunziato Laitano e dell\u2019ufficio missionario diretto da don Mansueto [&hellip;]<\/p>\n","protected":false},"author":0,"featured_media":217,"comment_status":"open","ping_status":"open","sticky":false,"template":"","format":"standard","meta":{"_acf_changed":false,"footnotes":""},"categories":[2],"tags":[],"acf":{"seed-localization-paese-cod":"","seed-localization-address":"","seed-localization-citta":"","seed-localization-regione-cod-istat":"","seed-localization-citta-cod-istat":"","seed-localization-localita":"","seed-localization-cap":"","seed-localization-geo":{"lat":41.90552298770031,"lng":12.509441971778871,"zoom":10,"markers":[],"address":"","layers":["OpenStreetMap.Mapnik"]},"seed-localization-marker-visibility":false,"seed-localization-children-visibility":false,"seed-localization-kml":null,"seed-localization-custom-marker":null},"_links":{"self":[{"href":"https:\/\/www.diocesicassanoalloionio.it\/evangelizzazione\/wp-json\/wp\/v2\/posts\/216"}],"collection":[{"href":"https:\/\/www.diocesicassanoalloionio.it\/evangelizzazione\/wp-json\/wp\/v2\/posts"}],"about":[{"href":"https:\/\/www.diocesicassanoalloionio.it\/evangelizzazione\/wp-json\/wp\/v2\/types\/post"}],"author":[{"embeddable":true,"href":"https:\/\/www.diocesicassanoalloionio.it\/evangelizzazione\/wp-json\/wp\/v2\/users\/1"}],"replies":[{"embeddable":true,"href":"https:\/\/www.diocesicassanoalloionio.it\/evangelizzazione\/wp-json\/wp\/v2\/comments?post=216"}],"version-history":[{"count":0,"href":"https:\/\/www.diocesicassanoalloionio.it\/evangelizzazione\/wp-json\/wp\/v2\/posts\/216\/revisions"}],"wp:featuredmedia":[{"embeddable":true,"href":"https:\/\/www.diocesicassanoalloionio.it\/evangelizzazione\/wp-json\/wp\/v2\/media\/217"}],"wp:attachment":[{"href":"https:\/\/www.diocesicassanoalloionio.it\/evangelizzazione\/wp-json\/wp\/v2\/media?parent=216"}],"wp:term":[{"taxonomy":"category","embeddable":true,"href":"https:\/\/www.diocesicassanoalloionio.it\/evangelizzazione\/wp-json\/wp\/v2\/categories?post=216"},{"taxonomy":"post_tag","embeddable":true,"href":"https:\/\/www.diocesicassanoalloionio.it\/evangelizzazione\/wp-json\/wp\/v2\/tags?post=216"}],"curies":[{"name":"wp","href":"https:\/\/api.w.org\/{rel}","templated":true}]}}