{"id":225,"date":"2023-10-10T14:18:16","date_gmt":"2023-10-10T12:18:16","guid":{"rendered":"https:\/\/cassanoalloionio.webdiocesi.it\/evangelizzazione\/veglia-missionaria-e-mandato-ai-catechisti-e-agli-operatori-pastorali\/"},"modified":"2023-10-10T14:18:16","modified_gmt":"2023-10-10T12:18:16","slug":"veglia-missionaria-e-mandato-ai-catechisti-e-agli-operatori-pastorali","status":"publish","type":"post","link":"https:\/\/www.diocesicassanoalloionio.it\/evangelizzazione\/veglia-missionaria-e-mandato-ai-catechisti-e-agli-operatori-pastorali\/","title":{"rendered":"Veglia Missionaria e Mandato ai catechisti e agli operatori pastorali"},"content":{"rendered":"<p><strong>\u201cCuori ardenti, piedi in cammino\u201d<\/strong> \u00e8 il titolo che \u00e8 stato dato alla Veglia Missionaria diocesana durante la quale sar\u00e0 consegnato il <strong>mandato ai catechisti e agli operatori pastorali<\/strong> che si terr\u00e0 il prossimo<strong> 31 ottobre&nbsp; alle ore 19 presso<\/strong> la Basilica Minore Santa Maria del Lauro di Cassano All\u2019Jonio e sar\u00e0 presieduta dal Vescovo della Diocesi e vicepresidente della CEI, S.E.Rev.ma Mons. Francesco Savino.<br \/>\nL\u2019importante momento di preghiera \u00e8 stato curato da don Annunziato Laitano, direttore dell\u2019ufficio catechistico e da don Manueto Corrado, direttore dell\u2019ufficio missionario diocesano.<br \/>\nIl titolo della veglia \u00e8 stato scelto da Papa Francesco che si \u00e8 ispirato al racconto dei discepoli di Emmaus, che vivono una trasformazione profonda: cuori ardenti per le Scritture spiegate da Ges\u00f9, occhi aperti nel riconoscerlo allo \u201cspezzare il pane\u201d e piedi in cammino per portare subito l\u2019annuncio della risurrezione agli altri discepoli.<\/p>\n<p>Caterina La Banca<br \/>\nDirettore UCS&nbsp;<\/p>\n<p>[button text=&#8221;Scarica la locandina &#8221; url=&#8221;https:\/\/www.diocesicassanoalloionio.it\/diocesi-cassano-jonio\/wp-content\/uploads\/2023\/10\/veglia-misionaria-pdf.compressed.pdf&#8221; size=&#8221;medium&#8221; type=&#8221;success&#8221; icon=&#8221;download-alt&#8221; iconcolor=&#8221;white&#8221; target=&#8221;_blank&#8221;]<\/p>\n","protected":false},"excerpt":{"rendered":"<p>\u201cCuori ardenti, piedi in cammino\u201d \u00e8 il titolo che \u00e8 stato dato alla Veglia Missionaria diocesana durante la quale sar\u00e0 consegnato il mandato ai catechisti e agli operatori pastorali che si terr\u00e0 il prossimo 31 ottobre&nbsp; alle ore 19 presso la Basilica Minore Santa Maria del Lauro di Cassano All\u2019Jonio e sar\u00e0 presieduta dal Vescovo [&hellip;]<\/p>\n","protected":false},"author":0,"featured_media":226,"comment_status":"closed","ping_status":"closed","sticky":false,"template":"","format":"standard","meta":{"_acf_changed":false,"footnotes":""},"categories":[2],"tags":[],"acf":{"seed-localization-paese-cod":"","seed-localization-address":"","seed-localization-citta":"","seed-localization-regione-cod-istat":"","seed-localization-citta-cod-istat":"","seed-localization-localita":"","seed-localization-cap":"","seed-localization-geo":{"lat":41.90552298770031,"lng":12.509441971778871,"zoom":10,"markers":[],"address":"","layers":["OpenStreetMap.Mapnik"]},"seed-localization-marker-visibility":false,"seed-localization-children-visibility":false,"seed-localization-kml":null,"seed-localization-custom-marker":null},"_links":{"self":[{"href":"https:\/\/www.diocesicassanoalloionio.it\/evangelizzazione\/wp-json\/wp\/v2\/posts\/225"}],"collection":[{"href":"https:\/\/www.diocesicassanoalloionio.it\/evangelizzazione\/wp-json\/wp\/v2\/posts"}],"about":[{"href":"https:\/\/www.diocesicassanoalloionio.it\/evangelizzazione\/wp-json\/wp\/v2\/types\/post"}],"author":[{"embeddable":true,"href":"https:\/\/www.diocesicassanoalloionio.it\/evangelizzazione\/wp-json\/wp\/v2\/users\/1"}],"replies":[{"embeddable":true,"href":"https:\/\/www.diocesicassanoalloionio.it\/evangelizzazione\/wp-json\/wp\/v2\/comments?post=225"}],"version-history":[{"count":0,"href":"https:\/\/www.diocesicassanoalloionio.it\/evangelizzazione\/wp-json\/wp\/v2\/posts\/225\/revisions"}],"wp:featuredmedia":[{"embeddable":true,"href":"https:\/\/www.diocesicassanoalloionio.it\/evangelizzazione\/wp-json\/wp\/v2\/media\/226"}],"wp:attachment":[{"href":"https:\/\/www.diocesicassanoalloionio.it\/evangelizzazione\/wp-json\/wp\/v2\/media?parent=225"}],"wp:term":[{"taxonomy":"category","embeddable":true,"href":"https:\/\/www.diocesicassanoalloionio.it\/evangelizzazione\/wp-json\/wp\/v2\/categories?post=225"},{"taxonomy":"post_tag","embeddable":true,"href":"https:\/\/www.diocesicassanoalloionio.it\/evangelizzazione\/wp-json\/wp\/v2\/tags?post=225"}],"curies":[{"name":"wp","href":"https:\/\/api.w.org\/{rel}","templated":true}]}}