{"id":260,"date":"2025-01-16T12:24:29","date_gmt":"2025-01-16T11:24:29","guid":{"rendered":"https:\/\/www.diocesicassanoalloionio.it\/evangelizzazione\/?p=260"},"modified":"2025-01-16T12:24:29","modified_gmt":"2025-01-16T11:24:29","slug":"giornata-del-catechista-e-marcia-della-pace","status":"publish","type":"post","link":"https:\/\/www.diocesicassanoalloionio.it\/evangelizzazione\/giornata-del-catechista-e-marcia-della-pace\/","title":{"rendered":"Giornata del Catechista e Marcia della Pace"},"content":{"rendered":"<p>La diocesi di Cassano all&#8217;Jonio, coadiuvato dall&#8217;ufficio evangelizzazione e dall&#8217;Azione Cattolica, si prepara a vivere un momento di grande spiritualit\u00e0 e impegno comunitario in occasione della Giornata del Catechista e della Marcia della Pace, che si terranno domenica 26 gennaio 2025.<br \/>\nL\u2019evento, che avr\u00e0 come titolo \u201cSpero nella Tua Parola\u201d, intende celebrare il prezioso servizio dei catechisti e promuovere i valori della pace e della solidariet\u00e0 in un tempo che richiede forte testimonianza e impegno cristiano.<br \/>\nIl programma prevede il raduno dei partecipanti alle ore 16.30 presso il monumento dell&#8217;Immacolata. Da l\u00ec, alle ore 17.00, prender\u00e0 il via la Marcia della Pace, un segno tangibile di fraternit\u00e0 e speranza per tutta la comunit\u00e0.<br \/>\nLa giornata culminer\u00e0 con la celebrazione dell\u2019Eucaristia, alle ore 18.00, presso la basilica minore Santa Maria del Lauro. La Santa Messa sar\u00e0 presieduta da S.E. Rev.ma Mons. Francesco Savino, Vescovo della diocesi di Cassano all&#8217;Jonio e Vice Presidente della Conferenza Episcopale Italiana (CEI).<br \/>\nL\u2019invito a partecipare \u00e8 rivolto a tutta la comunit\u00e0, dai catechisti agli operatori pastorali, dai giovani alle famiglie, per condividere insieme un messaggio di pace e speranza, radicato nella Parola di Dio.<\/p>\n","protected":false},"excerpt":{"rendered":"<p>La diocesi di Cassano all&#8217;Jonio, coadiuvato dall&#8217;ufficio evangelizzazione e dall&#8217;Azione Cattolica, si prepara a vivere un momento di grande spiritualit\u00e0 e impegno comunitario in occasione della Giornata del Catechista e della Marcia della Pace, che si terranno domenica 26 gennaio 2025. L\u2019evento, che avr\u00e0 come titolo \u201cSpero nella Tua Parola\u201d, intende celebrare il prezioso servizio [&hellip;]<\/p>\n","protected":false},"author":0,"featured_media":261,"comment_status":"closed","ping_status":"closed","sticky":false,"template":"","format":"standard","meta":{"_acf_changed":false,"footnotes":""},"categories":[4,2],"tags":[],"acf":{"seed-localization-paese-cod":"","seed-localization-address":"","seed-localization-citta":"","seed-localization-regione-cod-istat":"","seed-localization-citta-cod-istat":"","seed-localization-localita":"","seed-localization-cap":"","seed-localization-geo":{"lat":41.90552298770031,"lng":12.509441971778871,"zoom":10,"markers":[],"address":"","layers":["OpenStreetMap.Mapnik"]},"seed-localization-marker-visibility":false,"seed-localization-children-visibility":false,"seed-localization-kml":null,"seed-localization-custom-marker":null},"_links":{"self":[{"href":"https:\/\/www.diocesicassanoalloionio.it\/evangelizzazione\/wp-json\/wp\/v2\/posts\/260"}],"collection":[{"href":"https:\/\/www.diocesicassanoalloionio.it\/evangelizzazione\/wp-json\/wp\/v2\/posts"}],"about":[{"href":"https:\/\/www.diocesicassanoalloionio.it\/evangelizzazione\/wp-json\/wp\/v2\/types\/post"}],"author":[{"embeddable":true,"href":"https:\/\/www.diocesicassanoalloionio.it\/evangelizzazione\/wp-json\/wp\/v2\/users\/8"}],"replies":[{"embeddable":true,"href":"https:\/\/www.diocesicassanoalloionio.it\/evangelizzazione\/wp-json\/wp\/v2\/comments?post=260"}],"version-history":[{"count":2,"href":"https:\/\/www.diocesicassanoalloionio.it\/evangelizzazione\/wp-json\/wp\/v2\/posts\/260\/revisions"}],"predecessor-version":[{"id":264,"href":"https:\/\/www.diocesicassanoalloionio.it\/evangelizzazione\/wp-json\/wp\/v2\/posts\/260\/revisions\/264"}],"wp:featuredmedia":[{"embeddable":true,"href":"https:\/\/www.diocesicassanoalloionio.it\/evangelizzazione\/wp-json\/wp\/v2\/media\/261"}],"wp:attachment":[{"href":"https:\/\/www.diocesicassanoalloionio.it\/evangelizzazione\/wp-json\/wp\/v2\/media?parent=260"}],"wp:term":[{"taxonomy":"category","embeddable":true,"href":"https:\/\/www.diocesicassanoalloionio.it\/evangelizzazione\/wp-json\/wp\/v2\/categories?post=260"},{"taxonomy":"post_tag","embeddable":true,"href":"https:\/\/www.diocesicassanoalloionio.it\/evangelizzazione\/wp-json\/wp\/v2\/tags?post=260"}],"curies":[{"name":"wp","href":"https:\/\/api.w.org\/{rel}","templated":true}]}}