{"id":278,"date":"2025-10-28T15:54:29","date_gmt":"2025-10-28T14:54:29","guid":{"rendered":"https:\/\/www.diocesicassanoalloionio.it\/evangelizzazione\/?p=278"},"modified":"2025-10-28T15:54:29","modified_gmt":"2025-10-28T14:54:29","slug":"veglia-missionaria-e-mandato-ai-catechisti","status":"publish","type":"post","link":"https:\/\/www.diocesicassanoalloionio.it\/evangelizzazione\/veglia-missionaria-e-mandato-ai-catechisti\/","title":{"rendered":"Veglia Missionaria e Mandato ai catechisti"},"content":{"rendered":"<p>Il nuovo anno pastorale per la Diocesi di Cassano all\u2019Jonio, guidata da S.E. Rev.ma Mons. Francesco Savino, si \u00e8 aperto con la celebrazione della Giornata Missionaria e del Catechista.<br \/>\nDurante la veglia missionaria diocesana il Vescovo ha conferito il mandato ai catechisti e agli operatori pastorali, chiamandoli a rinnovare il proprio \u201cs\u00ec\u201d al servizio della Parola e all\u2019annuncio del Vangelo nelle comunit\u00e0 parrocchiali.<br \/>\nQuest\u2019anno pastorale, ha ricordato Mons. Savino nel suo messaggio, si apre alla luce dell\u2019Esortazione Apostolica Dilexi Te (Ap 3,9) di Papa Leone XIV, che invita la Chiesa a riscoprire l\u2019amore di Cristo per i poveri e a porre la carit\u00e0 al cuore della missione evangelizzatrice.<br \/>\n\u201cI poveri\u201d ha sottolineato il Vescovo \u201cnon sono una categoria sociale, ma il volto stesso di Cristo che continua a soffrire e a risorgere in coloro che non hanno voce n\u00e9 riconoscimento. Il cristiano non pu\u00f2 considerarli un problema, ma parte della propria famiglia: \u2018sono dei nostri\u2019.\u201d<br \/>\nRivolgendosi in modo particolare ai catechisti, Mons. Savino li ha incoraggiati a diventare terreno fertile di vocazioni e a vivere la formazione non come un dovere ma come un\u2019esperienza vitale di incontro con Cristo:<br \/>\n\u201cChi evangelizza non \u00e8 chi sa di pi\u00f9, ma chi ama di pi\u00f9.\u201d<br \/>\nNel suo intervento, il Vescovo ha anche richiamato il cammino sinodale diocesano e i frutti dell\u2019XI Assemblea Diocesana, dedicata al tema \u201cLa visita pastorale: occasione per confermare e per ripartire\u201d. Ha poi ribadito la necessit\u00e0 di costruire comunit\u00e0 autentiche, capaci di testimoniare nel mondo la tenerezza e la misericordia di Dio.<br \/>\nLa celebrazione si \u00e8 conclusa con l\u2019affidamento dei presenti alla Vergine Santissima del Rosario, Madre della missione e della speranza, nella consapevolezza che la missione nasce sempre da un cuore che si lascia toccare dall\u2019amore di Dio e dai volti dei poveri.<\/p>\n<p>Caterina La Banca<br \/>\nDirettore UCS<\/p>\n","protected":false},"excerpt":{"rendered":"<p>Il nuovo anno pastorale per la Diocesi di Cassano all\u2019Jonio, guidata da S.E. Rev.ma Mons. Francesco Savino, si \u00e8 aperto con la celebrazione della Giornata Missionaria e del Catechista. Durante la veglia missionaria diocesana il Vescovo ha conferito il mandato ai catechisti e agli operatori pastorali, chiamandoli a rinnovare il proprio \u201cs\u00ec\u201d al servizio della [&hellip;]<\/p>\n","protected":false},"author":0,"featured_media":279,"comment_status":"closed","ping_status":"closed","sticky":false,"template":"","format":"standard","meta":{"_acf_changed":false,"footnotes":""},"categories":[2],"tags":[],"acf":{"seed-localization-paese-cod":"","seed-localization-address":"","seed-localization-citta":"","seed-localization-regione-cod-istat":"","seed-localization-citta-cod-istat":"","seed-localization-localita":"","seed-localization-cap":"","seed-localization-geo":{"lat":41.90552298770031,"lng":12.509441971778871,"zoom":10,"markers":[],"address":"","layers":["OpenStreetMap.Mapnik"]},"seed-localization-marker-visibility":false,"seed-localization-children-visibility":false,"seed-localization-kml":null,"seed-localization-custom-marker":null},"_links":{"self":[{"href":"https:\/\/www.diocesicassanoalloionio.it\/evangelizzazione\/wp-json\/wp\/v2\/posts\/278"}],"collection":[{"href":"https:\/\/www.diocesicassanoalloionio.it\/evangelizzazione\/wp-json\/wp\/v2\/posts"}],"about":[{"href":"https:\/\/www.diocesicassanoalloionio.it\/evangelizzazione\/wp-json\/wp\/v2\/types\/post"}],"author":[{"embeddable":true,"href":"https:\/\/www.diocesicassanoalloionio.it\/evangelizzazione\/wp-json\/wp\/v2\/users\/8"}],"replies":[{"embeddable":true,"href":"https:\/\/www.diocesicassanoalloionio.it\/evangelizzazione\/wp-json\/wp\/v2\/comments?post=278"}],"version-history":[{"count":2,"href":"https:\/\/www.diocesicassanoalloionio.it\/evangelizzazione\/wp-json\/wp\/v2\/posts\/278\/revisions"}],"predecessor-version":[{"id":281,"href":"https:\/\/www.diocesicassanoalloionio.it\/evangelizzazione\/wp-json\/wp\/v2\/posts\/278\/revisions\/281"}],"wp:featuredmedia":[{"embeddable":true,"href":"https:\/\/www.diocesicassanoalloionio.it\/evangelizzazione\/wp-json\/wp\/v2\/media\/279"}],"wp:attachment":[{"href":"https:\/\/www.diocesicassanoalloionio.it\/evangelizzazione\/wp-json\/wp\/v2\/media?parent=278"}],"wp:term":[{"taxonomy":"category","embeddable":true,"href":"https:\/\/www.diocesicassanoalloionio.it\/evangelizzazione\/wp-json\/wp\/v2\/categories?post=278"},{"taxonomy":"post_tag","embeddable":true,"href":"https:\/\/www.diocesicassanoalloionio.it\/evangelizzazione\/wp-json\/wp\/v2\/tags?post=278"}],"curies":[{"name":"wp","href":"https:\/\/api.w.org\/{rel}","templated":true}]}}