{"id":199,"date":"2021-03-19T23:00:00","date_gmt":"2021-03-19T22:00:00","guid":{"rendered":"https:\/\/cassanoalloionio.webdiocesi.it\/giovani\/quaresima-tempo-di-grazia\/"},"modified":"2021-03-19T23:00:00","modified_gmt":"2021-03-19T22:00:00","slug":"quaresima-tempo-di-grazia","status":"publish","type":"post","link":"https:\/\/www.diocesicassanoalloionio.it\/giovani\/quaresima-tempo-di-grazia\/","title":{"rendered":"Quaresima Tempo di Grazia"},"content":{"rendered":"<p><strong><a href=\"https:\/\/www.diocesicassanoalloionio.it\/diocesi-cassano-jonio\/wp-content\/uploads\/2021\/03\/Servizio-della-pastorale-giovanile-1-1-1.jpg\"><img loading=\"lazy\" decoding=\"async\" class=\"size-medium wp-image-14667 alignleft\" src=\"https:\/\/www.diocesicassanoalloionio.it\/diocesi-cassano-jonio\/wp-content\/uploads\/2021\/03\/Servizio-della-pastorale-giovanile-1-1-1-212x300.jpg\" alt=\"\" width=\"212\" height=\"300\"><\/a>Marted\u00ec 30 marzo alle ore 16.30<\/strong> si terr\u00e0 un momento di riflessione sulla Quaresima dei giovani della Diocesi con Mons. Savino a cura del Servizio pastorale giovanile e vocazionale.<\/p>\n<p>Il momento che stiamo vivendo, carico di dolore, di sofferenza e di ridotta vita relazionale, rischia di disperdere il tesoro di umanit\u00e0 e di esplosione di vita che i ragazzi in genere manifestano, facendoli chiudere in se stessi e innescando sentimenti di paura e di tristezza debilitanti. C&#8217;\u00e8, per\u00f2, tanta positivit\u00e0 e tanta carica di speranza che la Quaresima, come periodo forte di richiamo a Colui che ha vinto e vince questa morte, testimonia. Da qui il dialogo di senso e di gioia di vivere che il Vescovo Mons. Savino vuole intessere con quei giovani che non si arrendono, facendosi portatori ad altri di quella pienezza del cuore che gi\u00e0 sta facendo loro compagnia, e anche con coloro che pur non riconoscendo l&#8217;orizzonte di fede, non smettono di interrogarsi sul senso della vita propria e del mondo.<\/p>\n<p>La locandina ci ricorda che ci\u00f2 che cambia il cuore non \u00e8 una spiegazione dotta, ma uno sguardo pieno d&#8217;amore per ciascuno di noi.<\/p>\n<p>&nbsp;<\/p>\n","protected":false},"excerpt":{"rendered":"<p>Marted\u00ec 30 marzo alle ore 16.30 si terr\u00e0 un momento di riflessione sulla Quaresima dei giovani della Diocesi con Mons. Savino a cura del Servizio pastorale giovanile e vocazionale. Il momento che stiamo vivendo, carico di dolore, di sofferenza e di ridotta vita relazionale, rischia di disperdere il tesoro di umanit\u00e0 e di esplosione di [&hellip;]<\/p>\n","protected":false},"author":0,"featured_media":0,"comment_status":"open","ping_status":"open","sticky":false,"template":"","format":"standard","meta":{"_acf_changed":false,"footnotes":""},"categories":[2],"tags":[],"acf":{"seed-localization-paese-cod":"","seed-localization-address":"","seed-localization-citta":"","seed-localization-regione-cod-istat":"","seed-localization-citta-cod-istat":"","seed-localization-localita":"","seed-localization-cap":"","seed-localization-geo":{"lat":41.90552298770031,"lng":12.509441971778871,"zoom":10,"markers":[],"address":"","layers":["OpenStreetMap.Mapnik"]},"seed-localization-marker-visibility":false,"seed-localization-children-visibility":false,"seed-localization-kml":null,"seed-localization-custom-marker":null},"_links":{"self":[{"href":"https:\/\/www.diocesicassanoalloionio.it\/giovani\/wp-json\/wp\/v2\/posts\/199"}],"collection":[{"href":"https:\/\/www.diocesicassanoalloionio.it\/giovani\/wp-json\/wp\/v2\/posts"}],"about":[{"href":"https:\/\/www.diocesicassanoalloionio.it\/giovani\/wp-json\/wp\/v2\/types\/post"}],"author":[{"embeddable":true,"href":"https:\/\/www.diocesicassanoalloionio.it\/giovani\/wp-json\/wp\/v2\/users\/1"}],"replies":[{"embeddable":true,"href":"https:\/\/www.diocesicassanoalloionio.it\/giovani\/wp-json\/wp\/v2\/comments?post=199"}],"version-history":[{"count":0,"href":"https:\/\/www.diocesicassanoalloionio.it\/giovani\/wp-json\/wp\/v2\/posts\/199\/revisions"}],"wp:attachment":[{"href":"https:\/\/www.diocesicassanoalloionio.it\/giovani\/wp-json\/wp\/v2\/media?parent=199"}],"wp:term":[{"taxonomy":"category","embeddable":true,"href":"https:\/\/www.diocesicassanoalloionio.it\/giovani\/wp-json\/wp\/v2\/categories?post=199"},{"taxonomy":"post_tag","embeddable":true,"href":"https:\/\/www.diocesicassanoalloionio.it\/giovani\/wp-json\/wp\/v2\/tags?post=199"}],"curies":[{"name":"wp","href":"https:\/\/api.w.org\/{rel}","templated":true}]}}