{"id":200,"date":"2021-05-25T22:00:00","date_gmt":"2021-05-25T20:00:00","guid":{"rendered":"https:\/\/cassanoalloionio.webdiocesi.it\/giovani\/dio-e-veramente-morto\/"},"modified":"2021-05-25T22:00:00","modified_gmt":"2021-05-25T20:00:00","slug":"dio-e-veramente-morto","status":"publish","type":"post","link":"https:\/\/www.diocesicassanoalloionio.it\/giovani\/dio-e-veramente-morto\/","title":{"rendered":"Dio \u00e8 veramente morto?"},"content":{"rendered":"<p><strong>Venerd\u00ec 4 giugno alle ore 19<\/strong> in modalit\u00e0 streaming, Mons. Francesco Savino, i<strong>ncontrer\u00e0 ancora una volta i giovani per dialogare con loro, sulle loro attese, sulle loro domande di senso.<\/strong><\/p>\n<p>Quale rapporto i giovani hanno mantenuto e mantengono con il cristianesimo? Le analisi sociologiche spaziano su visioni di abbandono totale, di irreversibile allontanamento dalla Chiesa e dalle sue proposte, in nome di una raggiunta consapevolezza dell\u2019inutilit\u00e0 della fede e dei suoi corollari, soprattutto dopo aver subito per anni l\u2019educazione ai sacramenti che per molti di loro si \u00e8 rivelata pesante da sostenere.<\/p>\n<p>Eppure le analisi non arrivano, e non possono farlo per loro struttura, al cuore, al cuore pulsante di questi giovani che non chiedono a quanti comandamenti deve essere ligia la loro vita, ma a quale felicit\u00e0 sono chiamati. Essi cercano, vivono, guardano, cercano do nei volti di chi li circonda una promessa di vita buona ,bella, lieta; ma spesso trovano indifferenza, critica, noncuranza, fastidio, disperazione. \u201cQualcuno ci ha mai promesso qualcosa? E allora perch\u00e9 attendiamo?\u201d (C.Pavese). Ecco, dobbiamo interrogare questa attesa che per sua definizione inizia in un cuore giovane, dobbiamo permettere loro di ritrovarsi, interrogarsi, dobbiamo avere rispetto della loro ragione. Non arrendiamoci all\u2019idea che i social ne abbiano assorbito tutta l\u2019energia, incontriamoli e amiamoli come Ges\u00f9 ci ha insegnato.<\/p>\n<p><strong>il direttore&nbsp;<\/strong><br \/>\ndon Rocco Lategano&nbsp;<\/p>\n<p><strong>Vice-Direttore&nbsp;<\/strong><br \/>\nCarla Bonifati&nbsp;<\/p>\n","protected":false},"excerpt":{"rendered":"<p>Venerd\u00ec 4 giugno alle ore 19 in modalit\u00e0 streaming, Mons. Francesco Savino, incontrer\u00e0 ancora una volta i giovani per dialogare con loro, sulle loro attese, sulle loro domande di senso. Quale rapporto i giovani hanno mantenuto e mantengono con il cristianesimo? Le analisi sociologiche spaziano su visioni di abbandono totale, di irreversibile allontanamento dalla Chiesa [&hellip;]<\/p>\n","protected":false},"author":0,"featured_media":201,"comment_status":"open","ping_status":"open","sticky":false,"template":"","format":"standard","meta":{"_acf_changed":false,"footnotes":""},"categories":[2],"tags":[],"acf":{"seed-localization-paese-cod":"","seed-localization-address":"","seed-localization-citta":"","seed-localization-regione-cod-istat":"","seed-localization-citta-cod-istat":"","seed-localization-localita":"","seed-localization-cap":"","seed-localization-geo":{"lat":41.90552298770031,"lng":12.509441971778871,"zoom":10,"markers":[],"address":"","layers":["OpenStreetMap.Mapnik"]},"seed-localization-marker-visibility":false,"seed-localization-children-visibility":false,"seed-localization-kml":null,"seed-localization-custom-marker":null},"_links":{"self":[{"href":"https:\/\/www.diocesicassanoalloionio.it\/giovani\/wp-json\/wp\/v2\/posts\/200"}],"collection":[{"href":"https:\/\/www.diocesicassanoalloionio.it\/giovani\/wp-json\/wp\/v2\/posts"}],"about":[{"href":"https:\/\/www.diocesicassanoalloionio.it\/giovani\/wp-json\/wp\/v2\/types\/post"}],"author":[{"embeddable":true,"href":"https:\/\/www.diocesicassanoalloionio.it\/giovani\/wp-json\/wp\/v2\/users\/1"}],"replies":[{"embeddable":true,"href":"https:\/\/www.diocesicassanoalloionio.it\/giovani\/wp-json\/wp\/v2\/comments?post=200"}],"version-history":[{"count":0,"href":"https:\/\/www.diocesicassanoalloionio.it\/giovani\/wp-json\/wp\/v2\/posts\/200\/revisions"}],"wp:featuredmedia":[{"embeddable":true,"href":"https:\/\/www.diocesicassanoalloionio.it\/giovani\/wp-json\/wp\/v2\/media\/201"}],"wp:attachment":[{"href":"https:\/\/www.diocesicassanoalloionio.it\/giovani\/wp-json\/wp\/v2\/media?parent=200"}],"wp:term":[{"taxonomy":"category","embeddable":true,"href":"https:\/\/www.diocesicassanoalloionio.it\/giovani\/wp-json\/wp\/v2\/categories?post=200"},{"taxonomy":"post_tag","embeddable":true,"href":"https:\/\/www.diocesicassanoalloionio.it\/giovani\/wp-json\/wp\/v2\/tags?post=200"}],"curies":[{"name":"wp","href":"https:\/\/api.w.org\/{rel}","templated":true}]}}