{"id":202,"date":"2021-11-15T23:00:00","date_gmt":"2021-11-15T22:00:00","guid":{"rendered":"https:\/\/cassanoalloionio.webdiocesi.it\/giovani\/xxxvi-giornata-mondiale-dei-giovani\/"},"modified":"2021-11-15T23:00:00","modified_gmt":"2021-11-15T22:00:00","slug":"xxxvi-giornata-mondiale-dei-giovani","status":"publish","type":"post","link":"https:\/\/www.diocesicassanoalloionio.it\/giovani\/xxxvi-giornata-mondiale-dei-giovani\/","title":{"rendered":"XXXVI Giornata Mondiale dei Giovani"},"content":{"rendered":"<div class=\"\"><span class=\"\" style=\"font-size: large;\">In programma per l&#8217;ultima domenica dell&#8217;anno liturgico, nella quale si celebra Cristo Re dell&#8217;universo, <strong>la Giornata Mondiale della Giovent\u00f9.<\/strong> Anche la Pastorale giovanile della Diocesi di Cassano ha inteso organizzare &nbsp;un momento di riflessione sul leitmotiv offerto dal Papa su &#8220;Alzati! Ti costituisco testimone di quel che hai visto!&#8221;.<\/span><\/div>\n<div class=\"\"><span class=\"\" style=\"font-size: large;\">La giornata mondiale della giovent\u00f9, spesso chiamata con la sigla GMG, \u00e8 un incontro internazionale di spiritualit\u00e0 e cultura dei giovani cattolici, promosso dalla Chiesa &nbsp;su iniziativa del Papa.<\/span><\/div>\n<div class=\"\"><span class=\"\" style=\"font-size: large;\">La giornata avr\u00e0 inizio<strong> alle ore 16.30 di Domenica 21 novembre<\/strong> con l&#8217;accoglienza di tutti i giovani della Diocesi presso la chiesa di Ges\u00f9 Buon Pastore a Sibari.&nbsp;<\/span><\/div>\n<div class=\"\"><span class=\"\" style=\"font-size: large;\">Seguir\u00e0 alle ore 17 l&#8217;accoglienza della Croce della GMG, le testimonianze e subito dopo il nostro vescovo Mons. Savino dialogher\u00e0 con i giovani.&nbsp;<\/span><\/div>\n<div class=\"\"><span class=\"\" style=\"font-size: large;\">Non c\u2019\u00e8 possibilit\u00e0 di ricominciare senza di voi, cari giovani.&nbsp;<\/span><\/div>\n<div class=\"\"><span class=\"\" style=\"font-size: large;\">Di questo ne \u00e8 convinto il Papa, che nel messaggio per la 36\u00aa Giornata Mondiale lancia un forte appello: \u201cPer rialzarsi, il mondo ha bisogno della vostra forza, del vostro entusiasmo, della vostra passione\u201d.<\/span><\/div>\n<div class=\"\"><span class=\"\" style=\"font-size: large;\">Ospiti graditi i complessi musicali Aura e The Voice of Soul.&nbsp;<\/span><\/div>\n<div><strong>Tutto si svolger\u00e0 nel pieno rispetto delle norme ant-covid<\/strong><\/div>\n<div>&nbsp;<\/div>\n<div><strong>Il direttore&nbsp;<\/strong><\/div>\n<div><strong>don Rocco Lategano&nbsp;<\/strong><\/div>\n<div>&nbsp;<\/div>\n<div><a href=\"https:\/\/www.diocesicassanoalloionio.it\/diocesi-cassano-jonio\/wp-content\/uploads\/2021\/11\/Il-mio-post_compressed.pdf\" target=\"_blank\" rel=\"noopener noreferrer\"><img loading=\"lazy\" decoding=\"async\" class=\"alignnone  wp-image-13854\" src=\"https:\/\/www.diocesicassanoalloionio.it\/diocesi-cassano-jonio\/wp-content\/uploads\/2021\/02\/pdf-download-scrigno-del-doge-venezia-300x296.png\" alt=\"\" width=\"35\" height=\"35\">scarica la locandina&nbsp;<\/a><\/div>\n<div><a href=\"https:\/\/www.diocesicassanoalloionio.it\/diocesi-cassano-jonio\/wp-content\/uploads\/2021\/11\/Il-mio-post.1psd.jpg\"><img loading=\"lazy\" decoding=\"async\" class=\"alignnone size-medium wp-image-16690\" src=\"https:\/\/www.diocesicassanoalloionio.it\/diocesi-cassano-jonio\/wp-content\/uploads\/2021\/11\/Il-mio-post.1psd-200x300.jpg\" alt=\"\" width=\"200\" height=\"300\"><\/a><\/div>\n","protected":false},"excerpt":{"rendered":"<p>In programma per l&#8217;ultima domenica dell&#8217;anno liturgico, nella quale si celebra Cristo Re dell&#8217;universo, la Giornata Mondiale della Giovent\u00f9. Anche la Pastorale giovanile della Diocesi di Cassano ha inteso organizzare &nbsp;un momento di riflessione sul leitmotiv offerto dal Papa su &#8220;Alzati! Ti costituisco testimone di quel che hai visto!&#8221;. La giornata mondiale della giovent\u00f9, spesso [&hellip;]<\/p>\n","protected":false},"author":0,"featured_media":0,"comment_status":"open","ping_status":"open","sticky":false,"template":"","format":"standard","meta":{"_acf_changed":false,"footnotes":""},"categories":[2],"tags":[],"acf":{"seed-localization-paese-cod":"","seed-localization-address":"","seed-localization-citta":"","seed-localization-regione-cod-istat":"","seed-localization-citta-cod-istat":"","seed-localization-localita":"","seed-localization-cap":"","seed-localization-geo":{"lat":41.90552298770031,"lng":12.509441971778871,"zoom":10,"markers":[],"address":"","layers":["OpenStreetMap.Mapnik"]},"seed-localization-marker-visibility":false,"seed-localization-children-visibility":false,"seed-localization-kml":null,"seed-localization-custom-marker":null},"_links":{"self":[{"href":"https:\/\/www.diocesicassanoalloionio.it\/giovani\/wp-json\/wp\/v2\/posts\/202"}],"collection":[{"href":"https:\/\/www.diocesicassanoalloionio.it\/giovani\/wp-json\/wp\/v2\/posts"}],"about":[{"href":"https:\/\/www.diocesicassanoalloionio.it\/giovani\/wp-json\/wp\/v2\/types\/post"}],"author":[{"embeddable":true,"href":"https:\/\/www.diocesicassanoalloionio.it\/giovani\/wp-json\/wp\/v2\/users\/1"}],"replies":[{"embeddable":true,"href":"https:\/\/www.diocesicassanoalloionio.it\/giovani\/wp-json\/wp\/v2\/comments?post=202"}],"version-history":[{"count":0,"href":"https:\/\/www.diocesicassanoalloionio.it\/giovani\/wp-json\/wp\/v2\/posts\/202\/revisions"}],"wp:attachment":[{"href":"https:\/\/www.diocesicassanoalloionio.it\/giovani\/wp-json\/wp\/v2\/media?parent=202"}],"wp:term":[{"taxonomy":"category","embeddable":true,"href":"https:\/\/www.diocesicassanoalloionio.it\/giovani\/wp-json\/wp\/v2\/categories?post=202"},{"taxonomy":"post_tag","embeddable":true,"href":"https:\/\/www.diocesicassanoalloionio.it\/giovani\/wp-json\/wp\/v2\/tags?post=202"}],"curies":[{"name":"wp","href":"https:\/\/api.w.org\/{rel}","templated":true}]}}