{"id":205,"date":"2022-11-02T23:00:00","date_gmt":"2022-11-02T22:00:00","guid":{"rendered":"https:\/\/cassanoalloionio.webdiocesi.it\/giovani\/19153-2\/"},"modified":"2022-11-02T23:00:00","modified_gmt":"2022-11-02T22:00:00","slug":"19153-2","status":"publish","type":"post","link":"https:\/\/www.diocesicassanoalloionio.it\/giovani\/19153-2\/","title":{"rendered":"GMG Diocesana"},"content":{"rendered":"<div dir=\"auto\"><em>\u201cMaria si alz\u00f2 e andr\u00f2 in fretta!\u201d.<\/em>(Lc 1,39): \u00e8 questo il tema del Messaggio inviato ai giovani, da Papa Francesco, in occasione della <strong>XXXVII Giornata Mondiale della Giovent\u00f9,<\/strong> che sar\u00e0 celebrata nelle Chiese particolari in concomitanza con la festivit\u00e0 di Cristo Re e a livello internazionale a Lisbona dal 1 al 6 di agosto 2023. I verbi alzare, andare sono inviti speciali per i giovani di tutto il mondo, verbi di movimento che caratterizzano l&#8217;esistenza &#8220;work in progress&#8221; di creature care e predilette a cui \u00e8 affidato il futuro della Chiesa e che con la loro gioia possono far conoscere Ges\u00f9 e il suo amore sotto un punto di vista diverso.<br \/>\nIl Servizio diocesano per la pastorale giovanile della Diocesi di Cassano All&#8217;Jonio, diretta da don Rocco Lategano e Suor Caterina Croci, sta lavorando alacremente per organizzare al meglio la GMG di quest&#8217;anno che si terr\u00e0,<strong> il prossimo 19 Novembre, presso la Chiesa di Ges\u00f9 Buon Pastore a Sibari.<\/strong><br \/>\nQuest&#8217;anno la giornata vedr\u00e0 la collaborazione della Cooperativa Sociale &#8220;Verso l&#8217;Altro&#8221; guidata da Pierluigi Pennini.<br \/>\nL&#8217;appuntamento della GMG della Diocesi di Cassano all&#8217;Jonio, guidata da Mons. Francesco Savino, sar\u00e0 un&#8217;occasione per mettere in evidenza la ricchezza umana e spirituale della Chiesa locale, affinch\u00e9 tutti si sentano \u201cinvitati speciali\u201d, attesi e ben voluti, amati, nella loro irripetibile unicit\u00e0 e ricchezza umana e spirituale. Vuole essere un\u2019occasione per stimolare e accogliere anche tutti quei giovani che sono alla ricerca di un loro posto nella Chiesa e che ancora non hanno trovato. Lo start \u00e8 fissato alle ore 16. Quest&#8217;anno l&#8217;atteso momento sar\u00e0 arricchito dalla presenza di Marco Mammoli, autore di &#8220;Emmanuel&#8221;, celebre Inno della GmG 2000, tradotto in tutte le lingue del mondo, oltre che di innumerevoli bravi di ispirazione cristiana. Mammoli si esibir\u00e0 in un concerto &#8211; catechesi che partir\u00e0 da San Francesco d&#8217;Assisi per passare dal Beato Carlo Acutis, giovane che sta compiendo tanti &#8220;miracoli di conversione&#8221;, per arrivare all&#8217;Eccomi di Maria e concludersi con il dono di Ges\u00f9 e quindi intonando &#8220;Emmanuel&#8221;.<\/div>\n<div dir=\"auto\">&nbsp;<\/div>\n<div dir=\"auto\">&nbsp;<\/div>\n<div dir=\"auto\"><strong>Direttore <\/strong><\/div>\n<div dir=\"auto\">don Rocco Lategano<\/div>\n<div dir=\"auto\">&nbsp;<\/div>\n<div dir=\"auto\"><a href=\"https:\/\/www.diocesicassanoalloionio.it\/diocesi-cassano-jonio\/wp-content\/uploads\/2022\/11\/Adobe_Express_20221102_2123030_1.png\"><img loading=\"lazy\" decoding=\"async\" class=\"alignnone size-medium wp-image-19156\" src=\"https:\/\/www.diocesicassanoalloionio.it\/diocesi-cassano-jonio\/wp-content\/uploads\/2022\/11\/Adobe_Express_20221102_2123030_1-194x300.png\" alt=\"\" width=\"194\" height=\"300\"><\/a><\/div>\n<div dir=\"auto\">&nbsp;<\/div>\n<div dir=\"auto\">[button text=&#8221;Locandina pdf&#8221; url=&#8221;https:\/\/www.diocesicassanoalloionio.it\/diocesi-cassano-jonio\/wp-content\/uploads\/2022\/11\/Adobe_Express_20221102_2123030_1.pdf&#8221; size=&#8221;mini&#8221; type=&#8221;primary&#8221; icon=&#8221;download-alt&#8221; iconcolor=&#8221;white&#8221; target=&#8221;_blank&#8221;]<\/div>\n","protected":false},"excerpt":{"rendered":"<p>\u201cMaria si alz\u00f2 e andr\u00f2 in fretta!\u201d.(Lc 1,39): \u00e8 questo il tema del Messaggio inviato ai giovani, da Papa Francesco, in occasione della XXXVII Giornata Mondiale della Giovent\u00f9, che sar\u00e0 celebrata nelle Chiese particolari in concomitanza con la festivit\u00e0 di Cristo Re e a livello internazionale a Lisbona dal 1 al 6 di agosto 2023. [&hellip;]<\/p>\n","protected":false},"author":0,"featured_media":0,"comment_status":"open","ping_status":"open","sticky":false,"template":"","format":"standard","meta":{"_acf_changed":false,"footnotes":""},"categories":[2],"tags":[],"acf":{"seed-localization-paese-cod":"","seed-localization-address":"","seed-localization-citta":"","seed-localization-regione-cod-istat":"","seed-localization-citta-cod-istat":"","seed-localization-localita":"","seed-localization-cap":"","seed-localization-geo":{"lat":41.90552298770031,"lng":12.509441971778871,"zoom":10,"markers":[],"address":"","layers":["OpenStreetMap.Mapnik"]},"seed-localization-marker-visibility":false,"seed-localization-children-visibility":false,"seed-localization-kml":null,"seed-localization-custom-marker":null},"_links":{"self":[{"href":"https:\/\/www.diocesicassanoalloionio.it\/giovani\/wp-json\/wp\/v2\/posts\/205"}],"collection":[{"href":"https:\/\/www.diocesicassanoalloionio.it\/giovani\/wp-json\/wp\/v2\/posts"}],"about":[{"href":"https:\/\/www.diocesicassanoalloionio.it\/giovani\/wp-json\/wp\/v2\/types\/post"}],"author":[{"embeddable":true,"href":"https:\/\/www.diocesicassanoalloionio.it\/giovani\/wp-json\/wp\/v2\/users\/1"}],"replies":[{"embeddable":true,"href":"https:\/\/www.diocesicassanoalloionio.it\/giovani\/wp-json\/wp\/v2\/comments?post=205"}],"version-history":[{"count":0,"href":"https:\/\/www.diocesicassanoalloionio.it\/giovani\/wp-json\/wp\/v2\/posts\/205\/revisions"}],"wp:attachment":[{"href":"https:\/\/www.diocesicassanoalloionio.it\/giovani\/wp-json\/wp\/v2\/media?parent=205"}],"wp:term":[{"taxonomy":"category","embeddable":true,"href":"https:\/\/www.diocesicassanoalloionio.it\/giovani\/wp-json\/wp\/v2\/categories?post=205"},{"taxonomy":"post_tag","embeddable":true,"href":"https:\/\/www.diocesicassanoalloionio.it\/giovani\/wp-json\/wp\/v2\/tags?post=205"}],"curies":[{"name":"wp","href":"https:\/\/api.w.org\/{rel}","templated":true}]}}