{"id":208,"date":"2022-12-04T23:00:00","date_gmt":"2022-12-04T22:00:00","guid":{"rendered":"https:\/\/cassanoalloionio.webdiocesi.it\/giovani\/la-diocesi-di-cassano-ionio-scalda-i-motori-pensando-a-lisbona-2023\/"},"modified":"2022-12-04T23:00:00","modified_gmt":"2022-12-04T22:00:00","slug":"la-diocesi-di-cassano-ionio-scalda-i-motori-pensando-a-lisbona-2023","status":"publish","type":"post","link":"https:\/\/www.diocesicassanoalloionio.it\/giovani\/la-diocesi-di-cassano-ionio-scalda-i-motori-pensando-a-lisbona-2023\/","title":{"rendered":"La Diocesi di Cassano Ionio scalda i motori pensando a Lisbona 2023."},"content":{"rendered":"<p><img loading=\"lazy\" decoding=\"async\" class=\"size-medium wp-image-15453 alignleft\" src=\"https:\/\/cassanoalloionio.webdiocesi.it\/mainsite\/wp-content\/uploads\/sites\/2\/2022\/12\/WhatsApp-Image-2022-12-04-at-16.48.18-1-212x300.jpeg\" alt=\"\" width=\"212\" height=\"300\" \/>La Diocesi di Cassano Ionio scalda i motori pensando a Lisbona 2023. \u00c8 il Vangelo di Luca, capitolo 1, versetto 39, &#8220;Maria si alz\u00f2 e and\u00f2 in fretta\u201d a dare il titolo all\u2019appuntamento che raduner\u00e0 i giovani di tutto il mondo (dai 14 ai 35 anni) a Lisbona questa estate per vivere momenti di chiesa universale e incontrare il Santo Padre.<br \/>\nCome era stato anticipato dal Vescovo Mons. Francesco Savino, durante la GMG diocesana, lo scorso 19 Novembre, la Diocesi di Cassano all&#8217;Jonio, di concerto con il servizio di Pastorale giovanile diretto da don Rocco Lategano e suor Caterina Croci, ha preparato il programma per permettere la partecipazione all&#8217;atteso incontro con Papa Francesco.<br \/>\nLa XXXVIII Giornata Mondiale della giovent\u00f9 si terr\u00e0 a Lisbona in Portogallo, dall&#8217;1 al 6 agosto del 2023. Inizialmente prevista per il 2022, come aveva annunciato papa Francesco il 27 gennaio 2019 a Panama, \u00e8 stata spostata all&#8217;anno successivo a causa dell&#8217;emergenza pandemica. \u00c8 la gioia di ritornare ad incontrarci, di incrociare gli sguardi che deve essere il leitmotiv della Giornata Mondiale della Giovent\u00f9 che \u00e8 un incontro di giovani di tutto il mondo con il Papa. \u00c8 un pellegrinaggio, una celebrazione della giovent\u00f9, un\u2019espressione della Chiesa universale e un momento forte per l\u2019evangelizzazione del mondo giovanile.<\/p>\n","protected":false},"excerpt":{"rendered":"<p>La Diocesi di Cassano Ionio scalda i motori pensando a Lisbona 2023. \u00c8 il Vangelo di Luca, capitolo 1, versetto 39, &#8220;Maria si alz\u00f2 e and\u00f2 in fretta\u201d a dare il titolo all\u2019appuntamento che raduner\u00e0 i giovani di tutto il mondo (dai 14 ai 35 anni) a Lisbona questa estate per vivere momenti di chiesa [&hellip;]<\/p>\n","protected":false},"author":0,"featured_media":209,"comment_status":"open","ping_status":"open","sticky":false,"template":"","format":"standard","meta":{"_acf_changed":false,"footnotes":""},"categories":[2],"tags":[],"acf":{"seed-localization-paese-cod":"","seed-localization-address":"","seed-localization-citta":"","seed-localization-regione-cod-istat":"","seed-localization-citta-cod-istat":"","seed-localization-localita":"","seed-localization-cap":"","seed-localization-geo":{"lat":41.90552298770031,"lng":12.509441971778871,"zoom":10,"markers":[],"address":"","layers":["OpenStreetMap.Mapnik"]},"seed-localization-marker-visibility":false,"seed-localization-children-visibility":false,"seed-localization-kml":null,"seed-localization-custom-marker":null},"_links":{"self":[{"href":"https:\/\/www.diocesicassanoalloionio.it\/giovani\/wp-json\/wp\/v2\/posts\/208"}],"collection":[{"href":"https:\/\/www.diocesicassanoalloionio.it\/giovani\/wp-json\/wp\/v2\/posts"}],"about":[{"href":"https:\/\/www.diocesicassanoalloionio.it\/giovani\/wp-json\/wp\/v2\/types\/post"}],"author":[{"embeddable":true,"href":"https:\/\/www.diocesicassanoalloionio.it\/giovani\/wp-json\/wp\/v2\/users\/1"}],"replies":[{"embeddable":true,"href":"https:\/\/www.diocesicassanoalloionio.it\/giovani\/wp-json\/wp\/v2\/comments?post=208"}],"version-history":[{"count":0,"href":"https:\/\/www.diocesicassanoalloionio.it\/giovani\/wp-json\/wp\/v2\/posts\/208\/revisions"}],"wp:featuredmedia":[{"embeddable":true,"href":"https:\/\/www.diocesicassanoalloionio.it\/giovani\/wp-json\/wp\/v2\/media\/209"}],"wp:attachment":[{"href":"https:\/\/www.diocesicassanoalloionio.it\/giovani\/wp-json\/wp\/v2\/media?parent=208"}],"wp:term":[{"taxonomy":"category","embeddable":true,"href":"https:\/\/www.diocesicassanoalloionio.it\/giovani\/wp-json\/wp\/v2\/categories?post=208"},{"taxonomy":"post_tag","embeddable":true,"href":"https:\/\/www.diocesicassanoalloionio.it\/giovani\/wp-json\/wp\/v2\/tags?post=208"}],"curies":[{"name":"wp","href":"https:\/\/api.w.org\/{rel}","templated":true}]}}