{"id":210,"date":"2023-03-19T23:00:00","date_gmt":"2023-03-19T22:00:00","guid":{"rendered":"https:\/\/cassanoalloionio.webdiocesi.it\/giovani\/via-crucis-con-i-giovani\/"},"modified":"2023-03-19T23:00:00","modified_gmt":"2023-03-19T22:00:00","slug":"via-crucis-con-i-giovani","status":"publish","type":"post","link":"https:\/\/www.diocesicassanoalloionio.it\/giovani\/via-crucis-con-i-giovani\/","title":{"rendered":"Via crucis con i giovani"},"content":{"rendered":"<p><img loading=\"lazy\" decoding=\"async\" class=\"alignnone size-medium wp-image-15451\" src=\"https:\/\/cassanoalloionio.webdiocesi.it\/mainsite\/wp-content\/uploads\/sites\/2\/2023\/03\/manifesto--194x300.jpg\" alt=\"\" width=\"194\" height=\"300\" \/>&#8220;Sulla Via del Golgota&#8221; \u00e8 il titolo della Via Crucis organizzata dal servizio di Pastorale Giovanile e dal servizio di Pastorale Vocazionale della Diocesi di Cassano all&#8217;Jonio che si svolger\u00e0 sabato <strong>1 aprile alle ore 17:30 presso la Chiesa di San Giuseppe di Sibari<\/strong>. Il Signore rinnova a tutti, ma soprattutto ai giovani, l\u2019invito a diventare protagonisti nel servizio; vuole dare una risposta concreta ai bisogni e alle sofferenze dell\u2019umanit\u00e0; vuole che i giovani siano un segno del suo amore misericordioso per il nostro tempo! Per compiere questa missione, Egli indica la via dell\u2019impegno personale e del sacrificio: \u00e8 la Via della croce, la Via del Golgota. La Via del Golgota \u00e8 la via della felicit\u00e0 di seguire Cristo fino in fondo, nelle circostanze spesso drammatiche del vivere quotidiano; \u00e8 la via che non teme insuccessi, emarginazioni o solitudini, perch\u00e9 riempie il cuore dell\u2019uomo della pienezza di Ges\u00f9.<\/p>\n","protected":false},"excerpt":{"rendered":"<p>&#8220;Sulla Via del Golgota&#8221; \u00e8 il titolo della Via Crucis organizzata dal servizio di Pastorale Giovanile e dal servizio di Pastorale Vocazionale della Diocesi di Cassano all&#8217;Jonio che si svolger\u00e0 sabato 1 aprile alle ore 17:30 presso la Chiesa di San Giuseppe di Sibari. Il Signore rinnova a tutti, ma soprattutto ai giovani, l\u2019invito a [&hellip;]<\/p>\n","protected":false},"author":0,"featured_media":211,"comment_status":"open","ping_status":"open","sticky":false,"template":"","format":"standard","meta":{"_acf_changed":false,"footnotes":""},"categories":[2],"tags":[],"acf":{"seed-localization-paese-cod":"","seed-localization-address":"","seed-localization-citta":"","seed-localization-regione-cod-istat":"","seed-localization-citta-cod-istat":"","seed-localization-localita":"","seed-localization-cap":"","seed-localization-geo":{"lat":41.90552298770031,"lng":12.509441971778871,"zoom":10,"markers":[],"address":"","layers":["OpenStreetMap.Mapnik"]},"seed-localization-marker-visibility":false,"seed-localization-children-visibility":false,"seed-localization-kml":null,"seed-localization-custom-marker":null},"_links":{"self":[{"href":"https:\/\/www.diocesicassanoalloionio.it\/giovani\/wp-json\/wp\/v2\/posts\/210"}],"collection":[{"href":"https:\/\/www.diocesicassanoalloionio.it\/giovani\/wp-json\/wp\/v2\/posts"}],"about":[{"href":"https:\/\/www.diocesicassanoalloionio.it\/giovani\/wp-json\/wp\/v2\/types\/post"}],"author":[{"embeddable":true,"href":"https:\/\/www.diocesicassanoalloionio.it\/giovani\/wp-json\/wp\/v2\/users\/1"}],"replies":[{"embeddable":true,"href":"https:\/\/www.diocesicassanoalloionio.it\/giovani\/wp-json\/wp\/v2\/comments?post=210"}],"version-history":[{"count":0,"href":"https:\/\/www.diocesicassanoalloionio.it\/giovani\/wp-json\/wp\/v2\/posts\/210\/revisions"}],"wp:featuredmedia":[{"embeddable":true,"href":"https:\/\/www.diocesicassanoalloionio.it\/giovani\/wp-json\/wp\/v2\/media\/211"}],"wp:attachment":[{"href":"https:\/\/www.diocesicassanoalloionio.it\/giovani\/wp-json\/wp\/v2\/media?parent=210"}],"wp:term":[{"taxonomy":"category","embeddable":true,"href":"https:\/\/www.diocesicassanoalloionio.it\/giovani\/wp-json\/wp\/v2\/categories?post=210"},{"taxonomy":"post_tag","embeddable":true,"href":"https:\/\/www.diocesicassanoalloionio.it\/giovani\/wp-json\/wp\/v2\/tags?post=210"}],"curies":[{"name":"wp","href":"https:\/\/api.w.org\/{rel}","templated":true}]}}