{"id":212,"date":"2023-04-02T22:00:00","date_gmt":"2023-04-02T20:00:00","guid":{"rendered":"https:\/\/cassanoalloionio.webdiocesi.it\/giovani\/via-crucis-con-i-giovani-2\/"},"modified":"2023-04-02T22:00:00","modified_gmt":"2023-04-02T20:00:00","slug":"via-crucis-con-i-giovani-2","status":"publish","type":"post","link":"https:\/\/www.diocesicassanoalloionio.it\/giovani\/via-crucis-con-i-giovani-2\/","title":{"rendered":"Via Crucis con i giovani"},"content":{"rendered":"<p>La luce delle fiaccole accese ha rischiarato il cielo ombrato dal tramonto sibarita, alla vigilia della Solennit\u00e0 delle Palme. Quella stessa luce ha circondato la grande croce di legno che porta impresse le date delle Giornate Mondiali della Giovent\u00f9 degli anni precedenti e si prepara ad accogliere l\u2019effige della Giornata Mondiale di Lisbona 2023.<\/p>\n<p>Folla di giovani, associazioni, movimenti e laici provenienti da tutta la Diocesi si sono stretti intorno al Pastore della Chiesa cassanese, S.E. Rev.ma Mons. Francesco Savino e hanno meditato insieme le sei stazioni preparate per la Via Crucis in memoria delle Vittime di Cutro.<\/p>\n<p>Il sentito momento di preghiera \u00e8 stato organizzato e curato dai servizi diocesani di Pastorale Giovanile e Vocazionale diretti, rispettivamente, da don Rocco Lategano e don Nicola Mobilio. Il raduno \u00e8 stato fissato presso il piazzale antistante la Chiesa di San Giuseppe di Sibari e si \u00e8 diretto, snodandosi per il centro abitato, verso la Chiesa di Ges\u00f9 Buon Pastore. Ad ogni stazione, Mons. Savino, non ha potuto non esortare la riflessione, soprattutto in vista della Pasqua di Resurrezione, alla tragedia consumatasi a Steccato di Cutro. Il Vescovo della Diocesi di Cassano All\u2019Jonio, come uomo e presule, ma anche per il suo ruolo di Vice Presidente della CEI, \u00e8 stato uno dei primi a recarsi a Steccato di Cutro nelle immediate ore successive alla tragedia. Uno dei primi a fare i conti con l\u2019assordante silenzio del Palamilone, nel quale sono stati ricomposti i cadaveri restituiti dal mare e ad abbracciare i superstiti ancora ignari di quanto fosse accaduto. \u201cBisogna fare pace con quel mare, con quelle acque. \u00c8 difficile farsi il bagno nel Mediterraneo dopo quanto accaduto, soprattutto se ci fermiamo per domandarci se questa inutile tragedia si poteva evitare.\u201d<\/p>\n<p>A conclusione dell&#8217;evento religioso, Mons. Savino ha recitato insieme ai giovani la preghiera per l&#8217;occasione composta, &#8220;Ges\u00f9 Cristo Straniero che cerchi Accoglienza&#8221;.<\/p>\n<p>Caterina La Banca&nbsp;<br \/>\nDirettore UCS<\/p>\n","protected":false},"excerpt":{"rendered":"<p>La luce delle fiaccole accese ha rischiarato il cielo ombrato dal tramonto sibarita, alla vigilia della Solennit\u00e0 delle Palme. Quella stessa luce ha circondato la grande croce di legno che porta impresse le date delle Giornate Mondiali della Giovent\u00f9 degli anni precedenti e si prepara ad accogliere l\u2019effige della Giornata Mondiale di Lisbona 2023. Folla [&hellip;]<\/p>\n","protected":false},"author":0,"featured_media":213,"comment_status":"open","ping_status":"open","sticky":false,"template":"","format":"standard","meta":{"_acf_changed":false,"footnotes":""},"categories":[2],"tags":[],"acf":{"seed-localization-paese-cod":"","seed-localization-address":"","seed-localization-citta":"","seed-localization-regione-cod-istat":"","seed-localization-citta-cod-istat":"","seed-localization-localita":"","seed-localization-cap":"","seed-localization-geo":{"lat":41.90552298770031,"lng":12.509441971778871,"zoom":10,"markers":[],"address":"","layers":["OpenStreetMap.Mapnik"]},"seed-localization-marker-visibility":false,"seed-localization-children-visibility":false,"seed-localization-kml":null,"seed-localization-custom-marker":null},"_links":{"self":[{"href":"https:\/\/www.diocesicassanoalloionio.it\/giovani\/wp-json\/wp\/v2\/posts\/212"}],"collection":[{"href":"https:\/\/www.diocesicassanoalloionio.it\/giovani\/wp-json\/wp\/v2\/posts"}],"about":[{"href":"https:\/\/www.diocesicassanoalloionio.it\/giovani\/wp-json\/wp\/v2\/types\/post"}],"author":[{"embeddable":true,"href":"https:\/\/www.diocesicassanoalloionio.it\/giovani\/wp-json\/wp\/v2\/users\/1"}],"replies":[{"embeddable":true,"href":"https:\/\/www.diocesicassanoalloionio.it\/giovani\/wp-json\/wp\/v2\/comments?post=212"}],"version-history":[{"count":0,"href":"https:\/\/www.diocesicassanoalloionio.it\/giovani\/wp-json\/wp\/v2\/posts\/212\/revisions"}],"wp:featuredmedia":[{"embeddable":true,"href":"https:\/\/www.diocesicassanoalloionio.it\/giovani\/wp-json\/wp\/v2\/media\/213"}],"wp:attachment":[{"href":"https:\/\/www.diocesicassanoalloionio.it\/giovani\/wp-json\/wp\/v2\/media?parent=212"}],"wp:term":[{"taxonomy":"category","embeddable":true,"href":"https:\/\/www.diocesicassanoalloionio.it\/giovani\/wp-json\/wp\/v2\/categories?post=212"},{"taxonomy":"post_tag","embeddable":true,"href":"https:\/\/www.diocesicassanoalloionio.it\/giovani\/wp-json\/wp\/v2\/tags?post=212"}],"curies":[{"name":"wp","href":"https:\/\/api.w.org\/{rel}","templated":true}]}}