{"id":214,"date":"2023-05-03T22:00:00","date_gmt":"2023-05-03T20:00:00","guid":{"rendered":"https:\/\/cassanoalloionio.webdiocesi.it\/giovani\/mons-savino-incontra-i-giovani-che-parteciperanno-alla-gmg-2023\/"},"modified":"2023-05-03T22:00:00","modified_gmt":"2023-05-03T20:00:00","slug":"mons-savino-incontra-i-giovani-che-parteciperanno-alla-gmg-2023","status":"publish","type":"post","link":"https:\/\/www.diocesicassanoalloionio.it\/giovani\/mons-savino-incontra-i-giovani-che-parteciperanno-alla-gmg-2023\/","title":{"rendered":"Mons. Savino incontra i giovani che parteciperanno alla GMG 2023"},"content":{"rendered":"<p><img loading=\"lazy\" decoding=\"async\" class=\"size-full wp-image-15448 alignleft\" src=\"https:\/\/cassanoalloionio.webdiocesi.it\/mainsite\/wp-content\/uploads\/sites\/2\/2023\/05\/giovani-gmg.jpg\" alt=\"\" width=\"300\" height=\"230\" \/>Il vescovo ha incontrato\u00a0 sabato 29\u00a0 aprile i giovani della Diocesi che parteciperanno alla prossima\u00a0 GMG a Lisbona.<br \/>\nUn incontro che ha segnato sin da subito, con la conoscenza, il dialogo e il confronto, l&#8217;inizio\u00a0 di questa esperienza che tutti quanti vivremo insieme.<br \/>\nL&#8217;invito consegnatoci \u00e8 quello di vivere appieno ogni momento di questa GMG, perch\u00e9 per quanto possa essere faticosa, lascer\u00e0 di certo un segno positivo in ciascuno di noi.<\/p>\n<p>Direttore\u00a0 dell&#8217;Ufficio Pastorale Giovanile.<\/p>\n<p>don Rocco Lategano<\/p>\n","protected":false},"excerpt":{"rendered":"<p>Il vescovo ha incontrato\u00a0 sabato 29\u00a0 aprile i giovani della Diocesi che parteciperanno alla prossima\u00a0 GMG a Lisbona. Un incontro che ha segnato sin da subito, con la conoscenza, il dialogo e il confronto, l&#8217;inizio\u00a0 di questa esperienza che tutti quanti vivremo insieme. L&#8217;invito consegnatoci \u00e8 quello di vivere appieno ogni momento di questa GMG, [&hellip;]<\/p>\n","protected":false},"author":0,"featured_media":215,"comment_status":"open","ping_status":"open","sticky":false,"template":"","format":"standard","meta":{"_acf_changed":false,"footnotes":""},"categories":[2],"tags":[],"acf":{"seed-localization-paese-cod":"","seed-localization-address":"","seed-localization-citta":"","seed-localization-regione-cod-istat":"","seed-localization-citta-cod-istat":"","seed-localization-localita":"","seed-localization-cap":"","seed-localization-geo":{"lat":41.90552298770031,"lng":12.509441971778871,"zoom":10,"markers":[],"address":"","layers":["OpenStreetMap.Mapnik"]},"seed-localization-marker-visibility":false,"seed-localization-children-visibility":false,"seed-localization-kml":null,"seed-localization-custom-marker":null},"_links":{"self":[{"href":"https:\/\/www.diocesicassanoalloionio.it\/giovani\/wp-json\/wp\/v2\/posts\/214"}],"collection":[{"href":"https:\/\/www.diocesicassanoalloionio.it\/giovani\/wp-json\/wp\/v2\/posts"}],"about":[{"href":"https:\/\/www.diocesicassanoalloionio.it\/giovani\/wp-json\/wp\/v2\/types\/post"}],"author":[{"embeddable":true,"href":"https:\/\/www.diocesicassanoalloionio.it\/giovani\/wp-json\/wp\/v2\/users\/1"}],"replies":[{"embeddable":true,"href":"https:\/\/www.diocesicassanoalloionio.it\/giovani\/wp-json\/wp\/v2\/comments?post=214"}],"version-history":[{"count":0,"href":"https:\/\/www.diocesicassanoalloionio.it\/giovani\/wp-json\/wp\/v2\/posts\/214\/revisions"}],"wp:featuredmedia":[{"embeddable":true,"href":"https:\/\/www.diocesicassanoalloionio.it\/giovani\/wp-json\/wp\/v2\/media\/215"}],"wp:attachment":[{"href":"https:\/\/www.diocesicassanoalloionio.it\/giovani\/wp-json\/wp\/v2\/media?parent=214"}],"wp:term":[{"taxonomy":"category","embeddable":true,"href":"https:\/\/www.diocesicassanoalloionio.it\/giovani\/wp-json\/wp\/v2\/categories?post=214"},{"taxonomy":"post_tag","embeddable":true,"href":"https:\/\/www.diocesicassanoalloionio.it\/giovani\/wp-json\/wp\/v2\/tags?post=214"}],"curies":[{"name":"wp","href":"https:\/\/api.w.org\/{rel}","templated":true}]}}