{"id":226,"date":"2023-07-10T17:59:48","date_gmt":"2023-07-10T15:59:48","guid":{"rendered":"https:\/\/cassanoalloionio.webdiocesi.it\/giovani\/lisbona-2023-consegnato-il-kit-ai-giovani-calabresi-2\/"},"modified":"2023-07-10T17:59:48","modified_gmt":"2023-07-10T15:59:48","slug":"lisbona-2023-consegnato-il-kit-ai-giovani-calabresi-2","status":"publish","type":"post","link":"https:\/\/www.diocesicassanoalloionio.it\/giovani\/lisbona-2023-consegnato-il-kit-ai-giovani-calabresi-2\/","title":{"rendered":"Lisbona 2023 consegnato il kit ai giovani calabresi"},"content":{"rendered":"<p>Una spilletta raffigurante la Calabria, rappresentata con il giallo e l\u2019arancio, i colori simbolo del logo dell\u2019ormai imminente Giornata Mondiale della Giovent\u00f9, \u00e8 stato il primo \u201coggetto\u201d del Kit del pellegrino donato ai giovani calabresi che si stanno preparando a partire per Lisbona.<br \/>\nTutta la Pastorale Giovanile della Calabria si \u00e8 incontrata a Lamezia Terme, presso la Chiesa interparrocchiale di San Benedetto, per partecipare all\u2019incontro interregionale dei Giovani in vista dell\u2019importante appuntamento di inizio agosto, che ritorna dopo lo stop forzato dovuto ai due anni di pandemia.<br \/>\nLa Diocesi di Cassano All\u2019Jonio, guidata da S.E. Rev.Ma Mons. Francesco Savino, \u00e8 stata presente con una nutrita presenza di giovani che parteciperanno alla GMG accompagnati da don Rocco Lategano, direttore del Servizio diocesano di Pastorale Giovanile, unitamente a Suor Caterina Croci e a don Michele Munno.<br \/>\nL\u2019incontro dal titolo \u201cC\u2019\u00e8 fretta nell\u2019Aria\u201d \u00e8 stato di conoscenza per la delegazione calabrese che dall\u20191 al 6 Agosto soggiorner\u00e0 nella capitale portoghese.<br \/>\nLa fretta nell\u2019Aria \u00e8 stata animata dagli inni di tutte le Giornate Mondiali della Giovent\u00f9 a cui hanno fatto eco ricordi condivisi da coloro i quali quelle stesse GMG le hanno vissute da protagonisti unitamente a Giovanni Paolo II, Benedetto XVI e ora Papa Francesco.<br \/>\nLa spilletta non \u00e8 stato un aggetto donato, fine a s\u00e9 stesso, ma \u00e8 stato utile per un gioco di socializzazione. Infatti \u00e8 stata donata a qualcuno e verr\u00e0 custodita.<br \/>\nA conclusione del momento di gioia, condivisione e festa la Celebrazione Eucaristica presieduta dal Vescovo responsabile del Servizio di Pastorale Giovanile calabrese, S.E. Mons. Attilio Nostro, Vescovo della Diocesi di Mileto-Nicotera-Tropea<\/p>\n<p>Caterina La Banca&nbsp;<br \/>\nDirettore UCS<\/p>\n","protected":false},"excerpt":{"rendered":"<p>Una spilletta raffigurante la Calabria, rappresentata con il giallo e l\u2019arancio, i colori simbolo del logo dell\u2019ormai imminente Giornata Mondiale della Giovent\u00f9, \u00e8 stato il primo \u201coggetto\u201d del Kit del pellegrino donato ai giovani calabresi che si stanno preparando a partire per Lisbona. Tutta la Pastorale Giovanile della Calabria si \u00e8 incontrata a Lamezia Terme, [&hellip;]<\/p>\n","protected":false},"author":0,"featured_media":227,"comment_status":"closed","ping_status":"closed","sticky":false,"template":"","format":"standard","meta":{"_acf_changed":false,"footnotes":""},"categories":[2],"tags":[],"acf":{"seed-localization-paese-cod":"","seed-localization-address":"","seed-localization-citta":"","seed-localization-regione-cod-istat":"","seed-localization-citta-cod-istat":"","seed-localization-localita":"","seed-localization-cap":"","seed-localization-geo":{"lat":41.90552298770031,"lng":12.509441971778871,"zoom":10,"markers":[],"address":"","layers":["OpenStreetMap.Mapnik"]},"seed-localization-marker-visibility":false,"seed-localization-children-visibility":false,"seed-localization-kml":null,"seed-localization-custom-marker":null},"_links":{"self":[{"href":"https:\/\/www.diocesicassanoalloionio.it\/giovani\/wp-json\/wp\/v2\/posts\/226"}],"collection":[{"href":"https:\/\/www.diocesicassanoalloionio.it\/giovani\/wp-json\/wp\/v2\/posts"}],"about":[{"href":"https:\/\/www.diocesicassanoalloionio.it\/giovani\/wp-json\/wp\/v2\/types\/post"}],"author":[{"embeddable":true,"href":"https:\/\/www.diocesicassanoalloionio.it\/giovani\/wp-json\/wp\/v2\/users\/1"}],"replies":[{"embeddable":true,"href":"https:\/\/www.diocesicassanoalloionio.it\/giovani\/wp-json\/wp\/v2\/comments?post=226"}],"version-history":[{"count":0,"href":"https:\/\/www.diocesicassanoalloionio.it\/giovani\/wp-json\/wp\/v2\/posts\/226\/revisions"}],"wp:featuredmedia":[{"embeddable":true,"href":"https:\/\/www.diocesicassanoalloionio.it\/giovani\/wp-json\/wp\/v2\/media\/227"}],"wp:attachment":[{"href":"https:\/\/www.diocesicassanoalloionio.it\/giovani\/wp-json\/wp\/v2\/media?parent=226"}],"wp:term":[{"taxonomy":"category","embeddable":true,"href":"https:\/\/www.diocesicassanoalloionio.it\/giovani\/wp-json\/wp\/v2\/categories?post=226"},{"taxonomy":"post_tag","embeddable":true,"href":"https:\/\/www.diocesicassanoalloionio.it\/giovani\/wp-json\/wp\/v2\/tags?post=226"}],"curies":[{"name":"wp","href":"https:\/\/api.w.org\/{rel}","templated":true}]}}