{"id":228,"date":"2023-07-27T14:35:02","date_gmt":"2023-07-27T12:35:02","guid":{"rendered":"https:\/\/cassanoalloionio.webdiocesi.it\/giovani\/i-nostri-giovani-pronti-per-la-gmg-di-lisbona-2023-2\/"},"modified":"2023-07-27T14:35:02","modified_gmt":"2023-07-27T12:35:02","slug":"i-nostri-giovani-pronti-per-la-gmg-di-lisbona-2023-2","status":"publish","type":"post","link":"https:\/\/www.diocesicassanoalloionio.it\/giovani\/i-nostri-giovani-pronti-per-la-gmg-di-lisbona-2023-2\/","title":{"rendered":"I nostri giovani  pronti  per la GMG di Lisbona 2023"},"content":{"rendered":"<p><a href=\"https:\/\/www.diocesicassanoalloionio.it\/diocesi-cassano-jonio\/wp-content\/uploads\/2023\/07\/IMG-20230725-WA0129.jpeg\"><img loading=\"lazy\" decoding=\"async\" class=\"alignleft  wp-image-21468\" src=\"https:\/\/www.diocesicassanoalloionio.it\/diocesi-cassano-jonio\/wp-content\/uploads\/2023\/07\/IMG-20230725-WA0129-300x140.jpeg\" alt=\"\" width=\"206\" height=\"96\"><\/a>Valigie pronte, mancavano solo i kit del pellegrino che sono stati consegnati ai giovani che partiranno dalla Diocesi di Cassano all&#8217;Jonio per la Giornata Mondiale della Giovent\u00f9.<br \/>\n\u00c8 ormai questione di giorni e &#8220;Lisbona&nbsp; 2023&#8221; sar\u00e0 una realt\u00e0. La capitale del Portogallo gi\u00e0 ha iniziato ad accogliere volontari provenienti da tutto il mondo che si metteranno al servizio dei giovani e della Chiesa mondiale che dal primo al sei agosto coloreranno Lisbona.<br \/>\n\u00abMaria si alz\u00f2 e and\u00f2 in fretta\u00bb (Lc 1, 39) \u00e8 la citazione biblica scelta da Papa Francesco con il motto della XXVIII Giornata Mondiale della Giovent\u00f9 che si svolger\u00e0, per la prima volta, a Lisbona, capitale del Portogallo. La frase biblica (una citazione dal Vangelo di San Luca) apre il racconto della Visitazione (la visita di Maria a sua cugina Elisabetta), un episodio biblico che segue l&#8217;Annunciazione (l&#8217;annuncio dell&#8217;angelo a Maria che sarebbe diventata la madre del Figlio di Dio e che \u00e8 stato il tema dell&#8217;ultima GMG, a Panama.<br \/>\nTanti i momenti da vivere che culmineranno nella Veglia internazionale e nell&#8217;incontro con il Santo Padre Francesco.<br \/>\nNei giorni scorsi il servizio di Pastorale giovanile diocesano diretto da don Rocco Lategano ha riunito ha Mormanno i giovani pronti a partire per la GMG di Lisbona e ha consegnato loro il kit del pellegrino utili per le necessit\u00e0 ma che resteranno segno tangibile dell&#8217;esperienza vissuta.<br \/>\nL&#8217;incontro \u00e8 stato utile per rinsaldare e approfondire le conoscenze tra i partecipanti a questa avventura.<\/p>\n<p><a href=\"https:\/\/www.diocesicassanoalloionio.it\/diocesi-cassano-jonio\/wp-content\/uploads\/2023\/07\/IMG-20230725-WA0127.jpeg\"><img loading=\"lazy\" decoding=\"async\" class=\"alignleft size-medium wp-image-21469\" src=\"https:\/\/www.diocesicassanoalloionio.it\/diocesi-cassano-jonio\/wp-content\/uploads\/2023\/07\/IMG-20230725-WA0127-300x140.jpeg\" alt=\"\" width=\"300\" height=\"140\"><\/a><\/p>\n","protected":false},"excerpt":{"rendered":"<p>Valigie pronte, mancavano solo i kit del pellegrino che sono stati consegnati ai giovani che partiranno dalla Diocesi di Cassano all&#8217;Jonio per la Giornata Mondiale della Giovent\u00f9. \u00c8 ormai questione di giorni e &#8220;Lisbona&nbsp; 2023&#8221; sar\u00e0 una realt\u00e0. La capitale del Portogallo gi\u00e0 ha iniziato ad accogliere volontari provenienti da tutto il mondo che si [&hellip;]<\/p>\n","protected":false},"author":0,"featured_media":229,"comment_status":"closed","ping_status":"closed","sticky":false,"template":"","format":"standard","meta":{"_acf_changed":false,"footnotes":""},"categories":[2],"tags":[],"acf":{"seed-localization-paese-cod":"","seed-localization-address":"","seed-localization-citta":"","seed-localization-regione-cod-istat":"","seed-localization-citta-cod-istat":"","seed-localization-localita":"","seed-localization-cap":"","seed-localization-geo":{"lat":41.90552298770031,"lng":12.509441971778871,"zoom":10,"markers":[],"address":"","layers":["OpenStreetMap.Mapnik"]},"seed-localization-marker-visibility":false,"seed-localization-children-visibility":false,"seed-localization-kml":null,"seed-localization-custom-marker":null},"_links":{"self":[{"href":"https:\/\/www.diocesicassanoalloionio.it\/giovani\/wp-json\/wp\/v2\/posts\/228"}],"collection":[{"href":"https:\/\/www.diocesicassanoalloionio.it\/giovani\/wp-json\/wp\/v2\/posts"}],"about":[{"href":"https:\/\/www.diocesicassanoalloionio.it\/giovani\/wp-json\/wp\/v2\/types\/post"}],"author":[{"embeddable":true,"href":"https:\/\/www.diocesicassanoalloionio.it\/giovani\/wp-json\/wp\/v2\/users\/1"}],"replies":[{"embeddable":true,"href":"https:\/\/www.diocesicassanoalloionio.it\/giovani\/wp-json\/wp\/v2\/comments?post=228"}],"version-history":[{"count":0,"href":"https:\/\/www.diocesicassanoalloionio.it\/giovani\/wp-json\/wp\/v2\/posts\/228\/revisions"}],"wp:featuredmedia":[{"embeddable":true,"href":"https:\/\/www.diocesicassanoalloionio.it\/giovani\/wp-json\/wp\/v2\/media\/229"}],"wp:attachment":[{"href":"https:\/\/www.diocesicassanoalloionio.it\/giovani\/wp-json\/wp\/v2\/media?parent=228"}],"wp:term":[{"taxonomy":"category","embeddable":true,"href":"https:\/\/www.diocesicassanoalloionio.it\/giovani\/wp-json\/wp\/v2\/categories?post=228"},{"taxonomy":"post_tag","embeddable":true,"href":"https:\/\/www.diocesicassanoalloionio.it\/giovani\/wp-json\/wp\/v2\/tags?post=228"}],"curies":[{"name":"wp","href":"https:\/\/api.w.org\/{rel}","templated":true}]}}