{"id":234,"date":"2023-09-06T17:07:12","date_gmt":"2023-09-06T15:07:12","guid":{"rendered":"https:\/\/cassanoalloionio.webdiocesi.it\/giovani\/festa-degli-animatori-2\/"},"modified":"2023-09-06T17:07:12","modified_gmt":"2023-09-06T15:07:12","slug":"festa-degli-animatori-2","status":"publish","type":"post","link":"https:\/\/www.diocesicassanoalloionio.it\/giovani\/festa-degli-animatori-2\/","title":{"rendered":"Festa degli animatori"},"content":{"rendered":"<p>Giochi, colori e tanta allegria hanno allietato un pomeriggio di fine estate che si \u00e8 svolto presso la Parrocchia Stella Maris di Villapiana Scalo.<br \/>\n\u201cLa cosa pi\u00f9 bella che un animatore pu\u00f2 fare \u00e8 mettere se stesso a disposizione degli altri e quando si mette a disposizione degli altri se stessi inevitabilmente si cresce\u201d con queste parole il Vescovo della Diocesi di Cassano All\u2019Jonio e vicepresidente della CEI, S.E.Rev.ma Mons. Francesco Savino, conclude la bella esperienza dei GREST svolta nelle parrocchie e nelle varie realt\u00e0 diocesane durante il periodo estivo.<br \/>\nDon Nunzio Laitano, vicario per la pastorale, unitamente al servizio di Pastorale Giovanile diocesano e al Centro Vocazionale, ha inteso organizzare, per la prima volta in diocesi, \u201cLa festa diocesana degli animatori\u201d. Grazie, donare e formare sono queste le parole che il Vescovo Savino ha consegnato agli ottanta educatori che sono stati impegnati durante il periodo estivo nei GREST attivati nelle proprie realt\u00e0.<\/p>\n<p>Caterina La Banca&nbsp;<br \/>\ndirettore UCS&nbsp;<\/p>\n","protected":false},"excerpt":{"rendered":"<p>Giochi, colori e tanta allegria hanno allietato un pomeriggio di fine estate che si \u00e8 svolto presso la Parrocchia Stella Maris di Villapiana Scalo. \u201cLa cosa pi\u00f9 bella che un animatore pu\u00f2 fare \u00e8 mettere se stesso a disposizione degli altri e quando si mette a disposizione degli altri se stessi inevitabilmente si cresce\u201d con [&hellip;]<\/p>\n","protected":false},"author":0,"featured_media":235,"comment_status":"closed","ping_status":"closed","sticky":false,"template":"","format":"standard","meta":{"_acf_changed":false,"footnotes":""},"categories":[2],"tags":[],"acf":{"seed-localization-paese-cod":"","seed-localization-address":"","seed-localization-citta":"","seed-localization-regione-cod-istat":"","seed-localization-citta-cod-istat":"","seed-localization-localita":"","seed-localization-cap":"","seed-localization-geo":{"lat":41.90552298770031,"lng":12.509441971778871,"zoom":10,"markers":[],"address":"","layers":["OpenStreetMap.Mapnik"]},"seed-localization-marker-visibility":false,"seed-localization-children-visibility":false,"seed-localization-kml":null,"seed-localization-custom-marker":null},"_links":{"self":[{"href":"https:\/\/www.diocesicassanoalloionio.it\/giovani\/wp-json\/wp\/v2\/posts\/234"}],"collection":[{"href":"https:\/\/www.diocesicassanoalloionio.it\/giovani\/wp-json\/wp\/v2\/posts"}],"about":[{"href":"https:\/\/www.diocesicassanoalloionio.it\/giovani\/wp-json\/wp\/v2\/types\/post"}],"author":[{"embeddable":true,"href":"https:\/\/www.diocesicassanoalloionio.it\/giovani\/wp-json\/wp\/v2\/users\/1"}],"replies":[{"embeddable":true,"href":"https:\/\/www.diocesicassanoalloionio.it\/giovani\/wp-json\/wp\/v2\/comments?post=234"}],"version-history":[{"count":0,"href":"https:\/\/www.diocesicassanoalloionio.it\/giovani\/wp-json\/wp\/v2\/posts\/234\/revisions"}],"wp:featuredmedia":[{"embeddable":true,"href":"https:\/\/www.diocesicassanoalloionio.it\/giovani\/wp-json\/wp\/v2\/media\/235"}],"wp:attachment":[{"href":"https:\/\/www.diocesicassanoalloionio.it\/giovani\/wp-json\/wp\/v2\/media?parent=234"}],"wp:term":[{"taxonomy":"category","embeddable":true,"href":"https:\/\/www.diocesicassanoalloionio.it\/giovani\/wp-json\/wp\/v2\/categories?post=234"},{"taxonomy":"post_tag","embeddable":true,"href":"https:\/\/www.diocesicassanoalloionio.it\/giovani\/wp-json\/wp\/v2\/tags?post=234"}],"curies":[{"name":"wp","href":"https:\/\/api.w.org\/{rel}","templated":true}]}}