{"id":271,"date":"2024-09-13T09:28:26","date_gmt":"2024-09-13T07:28:26","guid":{"rendered":"https:\/\/www.diocesicassanoalloionio.it\/giovani\/?p=271"},"modified":"2024-09-13T09:29:53","modified_gmt":"2024-09-13T07:29:53","slug":"giornata-diocesana-degli-animatori-dei-grest-conte-dei-grest","status":"publish","type":"post","link":"https:\/\/www.diocesicassanoalloionio.it\/giovani\/giornata-diocesana-degli-animatori-dei-grest-conte-dei-grest\/","title":{"rendered":"Giornata Diocesana degli Animatori dei Grest: &#8220;ConTe dei GREST&#8221;"},"content":{"rendered":"<p>Si \u00e8 svolta con grande partecipazione e entusiasmo la Giornata Diocesana degli Animatori dei Grest dal titolo &#8220;ConTe dei GREST&#8221;, organizzata dalla Diocesi di Cassano All&#8217;Jonio, guidata dal Vescovo e vice presidente della CEI, S.E. Rev.ma Mons. Francesco Savino, e curata dal Servizio di Pastorale Giovanile e Vocazionale, sotto la direzione di don Nicola Mobilio e don Rocco Lategano. L&#8217;evento ha visto la presenza di numerose comunit\u00e0 della diocesi, tra cui quelle di Cassano all&#8217;Ionio, Mormanno, Morano, Albidona, Amendolara, Villapiana e Castrovillari.<\/p>\n<p><img loading=\"lazy\" decoding=\"async\" class=\"wp-image-272 alignleft\" src=\"https:\/\/www.diocesicassanoalloionio.it\/giovani\/wp-content\/uploads\/sites\/4\/2024\/09\/WhatsApp-Image-2024-09-13-at-09.14.58-5-300x225.jpeg\" alt=\"\" width=\"209\" height=\"157\" srcset=\"https:\/\/www.diocesicassanoalloionio.it\/giovani\/wp-content\/uploads\/sites\/4\/2024\/09\/WhatsApp-Image-2024-09-13-at-09.14.58-5-300x225.jpeg 300w, https:\/\/www.diocesicassanoalloionio.it\/giovani\/wp-content\/uploads\/sites\/4\/2024\/09\/WhatsApp-Image-2024-09-13-at-09.14.58-5-1024x768.jpeg 1024w, https:\/\/www.diocesicassanoalloionio.it\/giovani\/wp-content\/uploads\/sites\/4\/2024\/09\/WhatsApp-Image-2024-09-13-at-09.14.58-5-768x576.jpeg 768w, https:\/\/www.diocesicassanoalloionio.it\/giovani\/wp-content\/uploads\/sites\/4\/2024\/09\/WhatsApp-Image-2024-09-13-at-09.14.58-5-1536x1152.jpeg 1536w, https:\/\/www.diocesicassanoalloionio.it\/giovani\/wp-content\/uploads\/sites\/4\/2024\/09\/WhatsApp-Image-2024-09-13-at-09.14.58-5.jpeg 2048w\" sizes=\"(max-width: 209px) 100vw, 209px\" \/>La giornata \u00e8 iniziata con il momento di accoglienza, seguito dal saluto e dalla preghiera introdotti da don Nunzio Laitano, vicario generale della Diocesi. Con parole di incoraggiamento, don Laitano ha sottolineato l&#8217;importanza del servizio degli animatori nel contesto dei Grest, non solo come occasione di svago, ma anche come opportunit\u00e0 di crescita umana e spirituale per i giovani partecipanti. In collegamento telefonico il Vescovo Mons. Savino che ha voluto dire Grazie a tutti coloro i quali hanno speso il loro tempo al servizio degli altri, Scusa per non essere l\u00ec fisicamente ma sicuramente lo \u00e8 con il cuore e l&#8217;anima. Il presule ha lanciato e rilanciato l&#8217;idea dell&#8217;oratorio interparrochiale che sempre pi\u00f9 deve prendere piede nelle comunit\u00e0.<\/p>\n<p>Il pomeriggio \u00e8 stato all\u2019insegna del divertimento e della condivisione fraterna. Gli animatori, divisi in squadre, hanno partecipato a una serie di giochi e attivit\u00e0 che hanno animato l\u2019intero pomeriggio, rafforzando i legami tra le diverse comunit\u00e0 presenti.<\/p>\n<p>Il culmine dell\u2019evento \u00e8 stato rappresentato dalla premiazione dei video racconti realizzati dalle varie comunit\u00e0 per raccontare i momenti pi\u00f9 significativi dei loro Grest. I video sono stati valutati per la loro creativit\u00e0 e capacit\u00e0 di rappresentare lo spirito del Grest. La premiazione ha aggiunto un ulteriore tocco di gioia e soddisfazione alla giornata.<\/p>\n<p>La giornata si \u00e8 conclusa con un momento di ringraziamento e preghiera comune, segno dell\u2019unit\u00e0 e della fraternit\u00e0 che caratterizzano l\u2019esperienza degli animatori dei Grest nella Diocesi di Cassano All\u2019Jonio. L\u2019entusiasmo dei partecipanti e il clima di amicizia hanno reso questa giornata un\u2019esperienza indimenticabile, con la promessa di ritrovarsi presto con la prossima iniziativa del 12 Ottobre, presso la Parrocchia di Ges\u00f9 Buon Pastore a Sibari, durante la quale il Vescovo Savino incontrer\u00e0 gli studenti della Diocesi.<\/p>\n<p>Caterina La Banca<br \/>\nDirettore UCS<\/p>\n","protected":false},"excerpt":{"rendered":"<p>Si \u00e8 svolta con grande partecipazione e entusiasmo la Giornata Diocesana degli Animatori dei Grest dal titolo &#8220;ConTe dei GREST&#8221;, organizzata dalla Diocesi di Cassano All&#8217;Jonio, guidata dal Vescovo e vice presidente della CEI, S.E. Rev.ma Mons. Francesco Savino, e curata dal Servizio di Pastorale Giovanile e Vocazionale, sotto la direzione di don Nicola Mobilio [&hellip;]<\/p>\n","protected":false},"author":0,"featured_media":274,"comment_status":"closed","ping_status":"closed","sticky":false,"template":"","format":"standard","meta":{"_acf_changed":false,"footnotes":""},"categories":[2],"tags":[5],"acf":{"seed-localization-paese-cod":"","seed-localization-address":"","seed-localization-citta":"","seed-localization-regione-cod-istat":"","seed-localization-citta-cod-istat":"","seed-localization-localita":"","seed-localization-cap":"","seed-localization-geo":{"lat":41.90552298770031,"lng":12.509441971778871,"zoom":10,"markers":[],"address":"","layers":["OpenStreetMap.Mapnik"]},"seed-localization-marker-visibility":false,"seed-localization-children-visibility":false,"seed-localization-kml":null,"seed-localization-custom-marker":null},"_links":{"self":[{"href":"https:\/\/www.diocesicassanoalloionio.it\/giovani\/wp-json\/wp\/v2\/posts\/271"}],"collection":[{"href":"https:\/\/www.diocesicassanoalloionio.it\/giovani\/wp-json\/wp\/v2\/posts"}],"about":[{"href":"https:\/\/www.diocesicassanoalloionio.it\/giovani\/wp-json\/wp\/v2\/types\/post"}],"author":[{"embeddable":true,"href":"https:\/\/www.diocesicassanoalloionio.it\/giovani\/wp-json\/wp\/v2\/users\/8"}],"replies":[{"embeddable":true,"href":"https:\/\/www.diocesicassanoalloionio.it\/giovani\/wp-json\/wp\/v2\/comments?post=271"}],"version-history":[{"count":4,"href":"https:\/\/www.diocesicassanoalloionio.it\/giovani\/wp-json\/wp\/v2\/posts\/271\/revisions"}],"predecessor-version":[{"id":278,"href":"https:\/\/www.diocesicassanoalloionio.it\/giovani\/wp-json\/wp\/v2\/posts\/271\/revisions\/278"}],"wp:featuredmedia":[{"embeddable":true,"href":"https:\/\/www.diocesicassanoalloionio.it\/giovani\/wp-json\/wp\/v2\/media\/274"}],"wp:attachment":[{"href":"https:\/\/www.diocesicassanoalloionio.it\/giovani\/wp-json\/wp\/v2\/media?parent=271"}],"wp:term":[{"taxonomy":"category","embeddable":true,"href":"https:\/\/www.diocesicassanoalloionio.it\/giovani\/wp-json\/wp\/v2\/categories?post=271"},{"taxonomy":"post_tag","embeddable":true,"href":"https:\/\/www.diocesicassanoalloionio.it\/giovani\/wp-json\/wp\/v2\/tags?post=271"}],"curies":[{"name":"wp","href":"https:\/\/api.w.org\/{rel}","templated":true}]}}