{"id":353,"date":"2025-07-30T07:53:28","date_gmt":"2025-07-30T05:53:28","guid":{"rendered":"https:\/\/www.diocesicassanoalloionio.it\/giovani\/?p=353"},"modified":"2025-07-30T07:53:28","modified_gmt":"2025-07-30T05:53:28","slug":"messa-inaugurale-del-giubileo-dei-giovani","status":"publish","type":"post","link":"https:\/\/www.diocesicassanoalloionio.it\/giovani\/messa-inaugurale-del-giubileo-dei-giovani\/","title":{"rendered":"Messa inaugurale del Giubileo dei Giovani"},"content":{"rendered":"<p>Giubileo dei Giovani, Monsignor Fisichella celebra la messa inaugurale in Piazza San Pietro: \u201cNon abbiate paura di essere testimoni del Cristo risorto\u201d<\/p>\n<p>Roma, 29 luglio \u2013 Si \u00e8 tenuta ieri, nella suggestiva cornice di Piazza San Pietro, la messa inaugurale del Giubileo dei Giovani, celebrata da Monsignor Rino Fisichella, Pro-Prefetto del Dicastero per l\u2019Evangelizzazione, l\u2019organismo vaticano responsabile dell\u2019organizzazione di questo importante evento spirituale.<\/p>\n<p>Durante l\u2019omelia, Monsignor Fisichella ha offerto una profonda riflessione sul Vangelo del giorno, incentrato sulla figura di Marta. \u201cMarta \u2013 ha spiegato \u2013 \u00e8 innanzitutto il segno della fede. Una fede che nasce da un incontro. E non siamo noi a stabilirlo: \u00e8 Ges\u00f9 il primo a venire incontro a noi, quando vuole, come vuole, nel tempo da Lui stabilito, non da noi. A noi spetta poi il compito di metterci in cammino verso di Lui\u201d.<\/p>\n<p>Fisichella ha sottolineato come Marta rappresenti l\u2019immagine del credente vigilante: \u201cIl Signore deve trovare in noi persone pronte, attente, capaci di compiere una scelta di libert\u00e0. Una libert\u00e0 che si manifesta anche nell\u2019atteggiamento di Marta e di Maria, due modi diversi ma complementari di amare e servire il Signore\u201d.<\/p>\n<p>Il Pro-Prefetto ha poi ricordato che \u201cGes\u00f9 decide ci\u00f2 che \u00e8 opportuno fare: dobbiamo accettare e rispettare la libert\u00e0 di Dio. Un Dio che non ci abbandona mai, in nessuna occasione. E noi, che siamo amati da Lui, non saremo mai lasciati soli\u201d.<\/p>\n<p>Richiamandosi all\u2019insegnamento di San Paolo, ha aggiunto: \u201cLa fede, cari amici, \u00e8 anche ascolto. Io credo nella risurrezione perch\u00e9 Tu, Ges\u00f9, sei risurrezione e vita\u201d.<\/p>\n<p>Infine, un appello forte e diretto ai giovani fedeli: \u201cNon abbiate mai paura di essere testimoni del Cristo risorto. Abbiamo bisogno di essere costruttori di pace, sempre, a partire dalla nostra quotidianit\u00e0. Che ognuno di noi sia capace di seguire il Signore con una testimonianza di vita degna del Vangelo\u201d.<\/p>\n<p>Con queste parole, Monsignor Fisichella ha concluso la celebrazione, dando ufficialmente inizio a un cammino giubilare che vuole essere, prima di tutto, un\u2019occasione di rinnovamento spirituale e di riconciliazione.<\/p>\n<p>Nunzio Bartolini<br \/>\nCollaboratore Ufficio Comunicazioni Sociali &#8211; Diocesi Cassano all\u2019Jonio<\/p>\n","protected":false},"excerpt":{"rendered":"<p>Giubileo dei Giovani, Monsignor Fisichella celebra la messa inaugurale in Piazza San Pietro: \u201cNon abbiate paura di essere testimoni del Cristo risorto\u201d Roma, 29 luglio \u2013 Si \u00e8 tenuta ieri, nella suggestiva cornice di Piazza San Pietro, la messa inaugurale del Giubileo dei Giovani, celebrata da Monsignor Rino Fisichella, Pro-Prefetto del Dicastero per l\u2019Evangelizzazione, l\u2019organismo [&hellip;]<\/p>\n","protected":false},"author":0,"featured_media":354,"comment_status":"closed","ping_status":"closed","sticky":false,"template":"","format":"standard","meta":{"_acf_changed":false,"footnotes":""},"categories":[2],"tags":[],"acf":{"seed-localization-paese-cod":"","seed-localization-address":"","seed-localization-citta":"","seed-localization-regione-cod-istat":"","seed-localization-citta-cod-istat":"","seed-localization-localita":"","seed-localization-cap":"","seed-localization-geo":{"lat":41.90552298770031,"lng":12.509441971778871,"zoom":10,"markers":[],"address":"","layers":["OpenStreetMap.Mapnik"]},"seed-localization-marker-visibility":false,"seed-localization-children-visibility":false,"seed-localization-kml":null,"seed-localization-custom-marker":null},"_links":{"self":[{"href":"https:\/\/www.diocesicassanoalloionio.it\/giovani\/wp-json\/wp\/v2\/posts\/353"}],"collection":[{"href":"https:\/\/www.diocesicassanoalloionio.it\/giovani\/wp-json\/wp\/v2\/posts"}],"about":[{"href":"https:\/\/www.diocesicassanoalloionio.it\/giovani\/wp-json\/wp\/v2\/types\/post"}],"author":[{"embeddable":true,"href":"https:\/\/www.diocesicassanoalloionio.it\/giovani\/wp-json\/wp\/v2\/users\/8"}],"replies":[{"embeddable":true,"href":"https:\/\/www.diocesicassanoalloionio.it\/giovani\/wp-json\/wp\/v2\/comments?post=353"}],"version-history":[{"count":2,"href":"https:\/\/www.diocesicassanoalloionio.it\/giovani\/wp-json\/wp\/v2\/posts\/353\/revisions"}],"predecessor-version":[{"id":356,"href":"https:\/\/www.diocesicassanoalloionio.it\/giovani\/wp-json\/wp\/v2\/posts\/353\/revisions\/356"}],"wp:featuredmedia":[{"embeddable":true,"href":"https:\/\/www.diocesicassanoalloionio.it\/giovani\/wp-json\/wp\/v2\/media\/354"}],"wp:attachment":[{"href":"https:\/\/www.diocesicassanoalloionio.it\/giovani\/wp-json\/wp\/v2\/media?parent=353"}],"wp:term":[{"taxonomy":"category","embeddable":true,"href":"https:\/\/www.diocesicassanoalloionio.it\/giovani\/wp-json\/wp\/v2\/categories?post=353"},{"taxonomy":"post_tag","embeddable":true,"href":"https:\/\/www.diocesicassanoalloionio.it\/giovani\/wp-json\/wp\/v2\/tags?post=353"}],"curies":[{"name":"wp","href":"https:\/\/api.w.org\/{rel}","templated":true}]}}