{"id":362,"date":"2025-09-01T16:01:36","date_gmt":"2025-09-01T14:01:36","guid":{"rendered":"https:\/\/www.diocesicassanoalloionio.it\/giovani\/?p=362"},"modified":"2025-09-01T16:02:25","modified_gmt":"2025-09-01T14:02:25","slug":"cassano-alljonio-i-giovani-raccontano-il-loro-giubileo-insieme-al-vescovo-savino","status":"publish","type":"post","link":"https:\/\/www.diocesicassanoalloionio.it\/giovani\/cassano-alljonio-i-giovani-raccontano-il-loro-giubileo-insieme-al-vescovo-savino\/","title":{"rendered":"Cassano all\u2019Jonio, i giovani raccontano il loro Giubileo insieme al vescovo Savino"},"content":{"rendered":"<p>Ieri pomeriggio, presso il Seminario Diocesano Giovanni Paolo I di Cassano all\u2019Jonio, si \u00e8 svolto un incontro post-Giubileo dei giovani con il Vescovo Mons. Francesco Savino, Vicepresidente della CEI.<br \/>\nL\u2019iniziativa ha rappresentato un momento di confronto e di condivisione, nel quale i ragazzi hanno ripercorso l\u2019esperienza vissuta a Roma dal 28 luglio al 3 agosto, accompagnati dal Direttore dell\u2019Ufficio di Pastorale Giovanile e Vocazionale della Diocesi di Cassano all\u2019Jonio, don Nicola Mobilio, e dai Vicedirettori Caterina Croci e suor Fabrizia Molinaro.<\/p>\n<p>I giovani hanno espresso la profondit\u00e0 di un\u2019esperienza che li ha segnati nel cuore, raccontando come il Giubileo sia stato occasione di incontro, di gioia e di risveglio interiore. Dalle testimonianze \u00e8 emersa la consapevolezza che l\u2019amore di Dio \u00e8 infinito e misericordioso, capace di dare coraggio e di vincere le paure, rendendo pi\u00f9 forte il desiderio di affrontare la vita con speranza e determinazione.<\/p>\n<p>Riflettendo sull\u2019esperienza, don Nicola ha evidenziato come i giovani sappiano affrontare sacrifici con una forza che spesso sorprende gli adulti, smontando i pregiudizi che troppo facilmente vengono loro attribuiti. Il Giubileo ha rivelato un desiderio sincero di incontro con Dio e di partecipazione viva alla Chiesa.<\/p>\n<p>Il Presule ha raccolto queste impressioni sottolineando che la vita di ciascuno \u00e8 unica e irripetibile, mai un semplice \u201cclone\u201d, e che proprio per questo porta con s\u00e9 un senso preciso e profondo. Ha poi ricordato che la speranza non \u00e8 un concetto astratto n\u00e9 un sentimento vago, ma un cammino concreto che si costruisce giorno dopo giorno attraverso gesti e scelte reali. Per questo ha esortato i giovani a diventare protagonisti di speranza, capaci di orientare la propria vita verso decisioni coraggiose e autentiche, in grado di illuminare il presente e aprire al futuro.<\/p>\n<p>Con tono provocatorio, ma carico di affetto, ha dichiarato di preferire giovani ribelli, sinceri e in ricerca, piuttosto che conformisti e compiacenti. Ha infine rivolto un invito a guardare al futuro con fiducia, nonostante le difficolt\u00e0 del tempo presente: essere aurora, essere alba, anche in mezzo ai tramonti e alla notte della societ\u00e0, portando luce e speranza per un giorno nuovo.<\/p>\n<p>Nunzio Bartolini<br \/>\nCollaboratore Ufficio Comunicazioni Sociali<\/p>\n","protected":false},"excerpt":{"rendered":"<p>Ieri pomeriggio, presso il Seminario Diocesano Giovanni Paolo I di Cassano all\u2019Jonio, si \u00e8 svolto un incontro post-Giubileo dei giovani con il Vescovo Mons. Francesco Savino, Vicepresidente della CEI. L\u2019iniziativa ha rappresentato un momento di confronto e di condivisione, nel quale i ragazzi hanno ripercorso l\u2019esperienza vissuta a Roma dal 28 luglio al 3 agosto, [&hellip;]<\/p>\n","protected":false},"author":0,"featured_media":363,"comment_status":"closed","ping_status":"closed","sticky":false,"template":"","format":"standard","meta":{"_acf_changed":false,"footnotes":""},"categories":[2],"tags":[],"acf":{"seed-localization-paese-cod":"","seed-localization-address":"","seed-localization-citta":"","seed-localization-regione-cod-istat":"","seed-localization-citta-cod-istat":"","seed-localization-localita":"","seed-localization-cap":"","seed-localization-geo":{"lat":41.90552298770031,"lng":12.509441971778871,"zoom":10,"markers":[],"address":"","layers":["OpenStreetMap.Mapnik"]},"seed-localization-marker-visibility":false,"seed-localization-children-visibility":false,"seed-localization-kml":null,"seed-localization-custom-marker":null},"_links":{"self":[{"href":"https:\/\/www.diocesicassanoalloionio.it\/giovani\/wp-json\/wp\/v2\/posts\/362"}],"collection":[{"href":"https:\/\/www.diocesicassanoalloionio.it\/giovani\/wp-json\/wp\/v2\/posts"}],"about":[{"href":"https:\/\/www.diocesicassanoalloionio.it\/giovani\/wp-json\/wp\/v2\/types\/post"}],"author":[{"embeddable":true,"href":"https:\/\/www.diocesicassanoalloionio.it\/giovani\/wp-json\/wp\/v2\/users\/8"}],"replies":[{"embeddable":true,"href":"https:\/\/www.diocesicassanoalloionio.it\/giovani\/wp-json\/wp\/v2\/comments?post=362"}],"version-history":[{"count":1,"href":"https:\/\/www.diocesicassanoalloionio.it\/giovani\/wp-json\/wp\/v2\/posts\/362\/revisions"}],"predecessor-version":[{"id":364,"href":"https:\/\/www.diocesicassanoalloionio.it\/giovani\/wp-json\/wp\/v2\/posts\/362\/revisions\/364"}],"wp:featuredmedia":[{"embeddable":true,"href":"https:\/\/www.diocesicassanoalloionio.it\/giovani\/wp-json\/wp\/v2\/media\/363"}],"wp:attachment":[{"href":"https:\/\/www.diocesicassanoalloionio.it\/giovani\/wp-json\/wp\/v2\/media?parent=362"}],"wp:term":[{"taxonomy":"category","embeddable":true,"href":"https:\/\/www.diocesicassanoalloionio.it\/giovani\/wp-json\/wp\/v2\/categories?post=362"},{"taxonomy":"post_tag","embeddable":true,"href":"https:\/\/www.diocesicassanoalloionio.it\/giovani\/wp-json\/wp\/v2\/tags?post=362"}],"curies":[{"name":"wp","href":"https:\/\/api.w.org\/{rel}","templated":true}]}}