{"id":365,"date":"2025-09-01T16:23:35","date_gmt":"2025-09-01T14:23:35","guid":{"rendered":"https:\/\/www.diocesicassanoalloionio.it\/giovani\/?p=365"},"modified":"2025-09-01T19:59:07","modified_gmt":"2025-09-01T17:59:07","slug":"contex-grest","status":"publish","type":"post","link":"https:\/\/www.diocesicassanoalloionio.it\/giovani\/contex-grest\/","title":{"rendered":"Contex Grest"},"content":{"rendered":"<p>Si terr\u00e0 sabato 13 settembre, alle ore 16:30, presso la Parrocchia Stella Maris di Villapiana Scalo, il Contest dei Grest, promosso dall\u2019Ufficio Diocesano di Pastorale Giovanile e Vocazionale.<br \/>\nL\u2019iniziativa, pensata come momento di incontro e confronto tra le diverse realt\u00e0 parrocchiali che hanno animato i Grest estivi, intende valorizzare la creativit\u00e0, l\u2019impegno e lo spirito di servizio degli animatori e degli educatori che hanno accompagnato bambini e ragazzi durante l\u2019estate.<br \/>\nIl pomeriggio sar\u00e0 caratterizzato da attivit\u00e0, presentazioni e momenti di fraternit\u00e0, con l\u2019obiettivo di favorire la condivisione e il dialogo tra i giovani delle comunit\u00e0.<br \/>\nLe parrocchie interessate a partecipare possono iscriversi compilando il modulo online disponibile al seguente link:<br \/>\n\ud83d\udc49 https:\/\/docs.google.com\/&#8230;\/1FAIpQLSc0LiI8NVNOsa&#8230;\/viewform<a href=\"https:\/\/docs.google.com\/...\/1FAIpQLSc0LiI8NVNOsa...\/viewform\" target=\"_blank\" rel=\"noopener\">https:\/\/docs.google.com\/&#8230;\/1FAIpQLSc0LiI8NVNOsa&#8230;\/viewform<\/a><\/p>\n<p>Il Direttore<br \/>\nDon Nicola Mobilio<\/p>\n","protected":false},"excerpt":{"rendered":"<p>Si terr\u00e0 sabato 13 settembre, alle ore 16:30, presso la Parrocchia Stella Maris di Villapiana Scalo, il Contest dei Grest, promosso dall\u2019Ufficio Diocesano di Pastorale Giovanile e Vocazionale. L\u2019iniziativa, pensata come momento di incontro e confronto tra le diverse realt\u00e0 parrocchiali che hanno animato i Grest estivi, intende valorizzare la creativit\u00e0, l\u2019impegno e lo spirito [&hellip;]<\/p>\n","protected":false},"author":0,"featured_media":366,"comment_status":"closed","ping_status":"closed","sticky":false,"template":"","format":"standard","meta":{"_acf_changed":false,"footnotes":""},"categories":[2],"tags":[],"acf":{"seed-localization-paese-cod":"","seed-localization-address":"","seed-localization-citta":"","seed-localization-regione-cod-istat":"","seed-localization-citta-cod-istat":"","seed-localization-localita":"","seed-localization-cap":"","seed-localization-geo":{"lat":41.90552298770031,"lng":12.509441971778871,"zoom":10,"markers":[],"address":"","layers":["OpenStreetMap.Mapnik"]},"seed-localization-marker-visibility":false,"seed-localization-children-visibility":false,"seed-localization-kml":null,"seed-localization-custom-marker":null},"_links":{"self":[{"href":"https:\/\/www.diocesicassanoalloionio.it\/giovani\/wp-json\/wp\/v2\/posts\/365"}],"collection":[{"href":"https:\/\/www.diocesicassanoalloionio.it\/giovani\/wp-json\/wp\/v2\/posts"}],"about":[{"href":"https:\/\/www.diocesicassanoalloionio.it\/giovani\/wp-json\/wp\/v2\/types\/post"}],"author":[{"embeddable":true,"href":"https:\/\/www.diocesicassanoalloionio.it\/giovani\/wp-json\/wp\/v2\/users\/8"}],"replies":[{"embeddable":true,"href":"https:\/\/www.diocesicassanoalloionio.it\/giovani\/wp-json\/wp\/v2\/comments?post=365"}],"version-history":[{"count":2,"href":"https:\/\/www.diocesicassanoalloionio.it\/giovani\/wp-json\/wp\/v2\/posts\/365\/revisions"}],"predecessor-version":[{"id":368,"href":"https:\/\/www.diocesicassanoalloionio.it\/giovani\/wp-json\/wp\/v2\/posts\/365\/revisions\/368"}],"wp:featuredmedia":[{"embeddable":true,"href":"https:\/\/www.diocesicassanoalloionio.it\/giovani\/wp-json\/wp\/v2\/media\/366"}],"wp:attachment":[{"href":"https:\/\/www.diocesicassanoalloionio.it\/giovani\/wp-json\/wp\/v2\/media?parent=365"}],"wp:term":[{"taxonomy":"category","embeddable":true,"href":"https:\/\/www.diocesicassanoalloionio.it\/giovani\/wp-json\/wp\/v2\/categories?post=365"},{"taxonomy":"post_tag","embeddable":true,"href":"https:\/\/www.diocesicassanoalloionio.it\/giovani\/wp-json\/wp\/v2\/tags?post=365"}],"curies":[{"name":"wp","href":"https:\/\/api.w.org\/{rel}","templated":true}]}}