{"id":370,"date":"2025-09-14T17:49:50","date_gmt":"2025-09-14T15:49:50","guid":{"rendered":"https:\/\/www.diocesicassanoalloionio.it\/giovani\/?p=370"},"modified":"2025-09-14T17:49:50","modified_gmt":"2025-09-14T15:49:50","slug":"i-ragazzi-al-centro-il-contest-dei-grest-alla-sua-terza-edizione","status":"publish","type":"post","link":"https:\/\/www.diocesicassanoalloionio.it\/giovani\/i-ragazzi-al-centro-il-contest-dei-grest-alla-sua-terza-edizione\/","title":{"rendered":"I ragazzi al centro: il Contest dei Grest alla sua terza edizione"},"content":{"rendered":"<p>I ragazzi al centro: il Contest dei Grest alla sua terza edizione<\/p>\n<p>\u00abGrazie perch\u00e9 ci siete. Ragazzi, impariamo a non armarci, n\u00e9 con le parole n\u00e9 con gli atteggiamenti, ma cerchiamo di essere costruttori di pace. Io mi fido di voi, cari ragazzi, perch\u00e9 siete migliori di noi adulti: voi potete diffondere la pace ovunque vi troviate\u00bb.<br \/>\nCon queste parole, colme di speranza e di fiducia nel futuro, S.E. Rev.ma Mons. Francesco Savino, Vescovo della Diocesi di Cassano all\u2019Jonio e Vicepresidente della CEI, ha aperto il Contest dei Grest, svoltosi sabato 13 settembre presso la parrocchia \u201cStella Maris\u201d di Villapiana Scalo.<br \/>\nIl Presule ha invitato i giovani a non dimenticare le sofferenze di chi vive in Paesi martoriati dalla guerra, richiamando in particolare le vittime dei conflitti in Gaza, in Ucraina e nel Sud Sudan, affinch\u00e9 la preghiera diventi segno concreto di solidariet\u00e0 universale.<\/p>\n<p>L\u2019evento \u00e8 stato organizzato dall\u2019Ufficio di Pastorale Giovanile e Vocazionale, guidato da don Nicola Mobilio, affiancato dal co-direttore don Rocco Lategano e dai Vicedirettori don Gennaro Giovazzino, suor Fabrizia Molinaro e Caterina Croci. \u00ab\u00c8 bello, ogni anno, incontrare tutti coloro che durante l\u2019estate si sono prodigati per accompagnare i nostri ragazzi e bambini in questo percorso educativo che \u00e8 il Grest\u00bb, ha sottolineato don Nicola, evidenziando come il contest non sia soltanto un momento di festa, ma anche un\u2019occasione per riconoscere e valorizzare l\u2019impegno silenzioso di tanti animatori, catechisti e volontari.<\/p>\n<p>All\u2019evento hanno preso parte diverse realt\u00e0 parrocchiali del territorio.<br \/>\nDalla parrocchia \u201cMadonna della Salute\u201d di Amendolara Marina al centro socio-educativo \u201cL\u2019appetito vien studiando\u201d di Cassano all\u2019Jonio, passando per la parrocchia ospitante \u201cStella Maris\u201d di Villapiana, fino ad arrivare alla parrocchia \u201cSan Girolamo\u201d di Castrovillari e alla parrocchia \u201cSanta Maria Maddalena\u201d di Morano Calabro: ognuna ha portato il frutto del lavoro svolto nei mesi estivi, attraverso balli, coreografie, giochi, lavori manuali e presentazioni creative, con l\u2019entusiasmo contagioso dei ragazzi, sostenuti dall\u2019accompagnamento attento degli educatori.<\/p>\n<p>Il contest, nato per condividere esperienze, rafforzare legami e stimolare lo spirito di comunit\u00e0, ha visto infine la premiazione delle attivit\u00e0 pi\u00f9 originali e significative. A conquistare il primo posto di questa edizione \u00e8 stato il centro socio-educativo \u201cL\u2019appetito vien studiando\u201d di Cassano all\u2019Jonio.<\/p>\n<p>La giornata si \u00e8 conclusa in un clima di gioia e fraternit\u00e0, ma anche di riflessione. Le parole del Vescovo hanno lasciato un segno profondo nei cuori dei ragazzi: un invito a diventare, sin da giovani, artigiani di pace in un mondo che troppo spesso si lascia sedurre da logiche di odio e divisione.<\/p>\n<p>Nunzio Bartolini<br \/>\nCollaboratore UCS &#8211; Diocesi di Cassano all&#8217;Jonio<\/p>\n","protected":false},"excerpt":{"rendered":"<p>I ragazzi al centro: il Contest dei Grest alla sua terza edizione \u00abGrazie perch\u00e9 ci siete. Ragazzi, impariamo a non armarci, n\u00e9 con le parole n\u00e9 con gli atteggiamenti, ma cerchiamo di essere costruttori di pace. Io mi fido di voi, cari ragazzi, perch\u00e9 siete migliori di noi adulti: voi potete diffondere la pace ovunque [&hellip;]<\/p>\n","protected":false},"author":0,"featured_media":371,"comment_status":"closed","ping_status":"closed","sticky":false,"template":"","format":"standard","meta":{"_acf_changed":false,"footnotes":""},"categories":[2,1],"tags":[],"acf":{"seed-localization-paese-cod":"","seed-localization-address":"","seed-localization-citta":"","seed-localization-regione-cod-istat":"","seed-localization-citta-cod-istat":"","seed-localization-localita":"","seed-localization-cap":"","seed-localization-geo":{"lat":41.90552298770031,"lng":12.509441971778871,"zoom":10,"markers":[],"address":"","layers":["OpenStreetMap.Mapnik"]},"seed-localization-marker-visibility":false,"seed-localization-children-visibility":false,"seed-localization-kml":null,"seed-localization-custom-marker":null},"_links":{"self":[{"href":"https:\/\/www.diocesicassanoalloionio.it\/giovani\/wp-json\/wp\/v2\/posts\/370"}],"collection":[{"href":"https:\/\/www.diocesicassanoalloionio.it\/giovani\/wp-json\/wp\/v2\/posts"}],"about":[{"href":"https:\/\/www.diocesicassanoalloionio.it\/giovani\/wp-json\/wp\/v2\/types\/post"}],"author":[{"embeddable":true,"href":"https:\/\/www.diocesicassanoalloionio.it\/giovani\/wp-json\/wp\/v2\/users\/8"}],"replies":[{"embeddable":true,"href":"https:\/\/www.diocesicassanoalloionio.it\/giovani\/wp-json\/wp\/v2\/comments?post=370"}],"version-history":[{"count":2,"href":"https:\/\/www.diocesicassanoalloionio.it\/giovani\/wp-json\/wp\/v2\/posts\/370\/revisions"}],"predecessor-version":[{"id":373,"href":"https:\/\/www.diocesicassanoalloionio.it\/giovani\/wp-json\/wp\/v2\/posts\/370\/revisions\/373"}],"wp:featuredmedia":[{"embeddable":true,"href":"https:\/\/www.diocesicassanoalloionio.it\/giovani\/wp-json\/wp\/v2\/media\/371"}],"wp:attachment":[{"href":"https:\/\/www.diocesicassanoalloionio.it\/giovani\/wp-json\/wp\/v2\/media?parent=370"}],"wp:term":[{"taxonomy":"category","embeddable":true,"href":"https:\/\/www.diocesicassanoalloionio.it\/giovani\/wp-json\/wp\/v2\/categories?post=370"},{"taxonomy":"post_tag","embeddable":true,"href":"https:\/\/www.diocesicassanoalloionio.it\/giovani\/wp-json\/wp\/v2\/tags?post=370"}],"curies":[{"name":"wp","href":"https:\/\/api.w.org\/{rel}","templated":true}]}}