{"id":381,"date":"2025-10-21T18:16:46","date_gmt":"2025-10-21T16:16:46","guid":{"rendered":"https:\/\/www.diocesicassanoalloionio.it\/giovani\/?p=381"},"modified":"2025-10-21T18:41:32","modified_gmt":"2025-10-21T16:41:32","slug":"%f0%9d%90%83%f0%9d%90%a2%f0%9d%90%a5%f0%9d%90%9e%f0%9d%90%b1%f0%9d%90%a2-%f0%9d%90%ad%f0%9d%90%9e-%f0%9d%90%87%f0%9d%90%a8-%f0%9d%90%9a%f0%9d%90%a6%f0%9d%90%9a%f0%9d%90%ad%f0%9d%90%a8","status":"publish","type":"post","link":"https:\/\/www.diocesicassanoalloionio.it\/giovani\/%f0%9d%90%83%f0%9d%90%a2%f0%9d%90%a5%f0%9d%90%9e%f0%9d%90%b1%f0%9d%90%a2-%f0%9d%90%ad%f0%9d%90%9e-%f0%9d%90%87%f0%9d%90%a8-%f0%9d%90%9a%f0%9d%90%a6%f0%9d%90%9a%f0%9d%90%ad%f0%9d%90%a8\/","title":{"rendered":"\ud835\udc03\ud835\udc22\ud835\udc25\ud835\udc1e\ud835\udc31\ud835\udc22 \ud835\udc2d\ud835\udc1e \u2013 \ud835\udc07\ud835\udc28 \ud835\udc1a\ud835\udc26\ud835\udc1a\ud835\udc2d\ud835\udc28 \ud835\udc2d\ud835\udc1e\u201d: \ud835\udc30\ud835\udc1e\ud835\udc1e\ud835\udc24\ud835\udc1e\ud835\udc27\ud835\udc1d \ud835\udc1d\ud835\udc22 \ud835\udc26\ud835\udc1e\ud835\udc1d\ud835\udc22\ud835\udc2d\ud835\udc1a\ud835\udc33\ud835\udc22\ud835\udc28\ud835\udc27\ud835\udc1e \ud835\udc29\ud835\udc1e\ud835\udc2b \ud835\udc22 \ud835\udc20\ud835\udc22\ud835\udc28\ud835\udc2f\ud835\udc1a\ud835\udc27\ud835\udc22"},"content":{"rendered":"<p>&nbsp;<\/p>\n<p>L\u2019Ufficio di Pastorale Giovanile e Vocazionale della Diocesi di Cassano all\u2019Ionio propone un percorso speciale per i giovani: \u201cDilexi te \u2013 Ho amato te\u201d, tre weekend di meditazione guidati dal teologo don Sergio Massironi e dalla teologa Debora Rienzi, presso l\u2019Oasi Sant\u2019Antonio a Luzzi (CS).<\/p>\n<p>Il cammino si svilupper\u00e0 in tre tappe distribuite lungo l\u2019anno pastorale, ciascuna dedicata a un tema centrale nella vita spirituale e nelle relazioni. Il primo appuntamento, dedicato a \u201cLo sguardo\u201d, si terr\u00e0 sabato 15 e domenica 16 novembre 2025 e accompagner\u00e0 i partecipanti in un passaggio dalla dispersione alla consapevolezza, fino ad \u201calzare lo sguardo\u201d. Seguir\u00e0, sabato 28 febbraio e domenica 1 marzo 2026, il secondo weekend sul tema \u201cL\u2019interconnessione\u201d, occasione per passare dalla scissione alla riconciliazione, riscoprendo la bellezza di sentirsi unici e uniti. Infine, sabato 11 e domenica 12 aprile 2026, il percorso si concluder\u00e0 con il terzo appuntamento dedicato a \u201cLa reciprocit\u00e0\u201d, un tempo per dare parola allo Spirito del profondo e aprirsi a un amore inclusivo ed espansivo.<\/p>\n<p>Un itinerario che vuole offrire ai giovani un\u2019opportunit\u00e0 di crescita, ascolto e interiorit\u00e0, per riscoprire nella fede e nella fraternit\u00e0 uno sguardo nuovo su se stessi, sugli altri e su Dio.<\/p>\n<p>Nunzio Bartolini<\/p>\n<p>Collaboratore UCS &#8211; Diocesi Cassano all&#8217;Ionio<\/p>\n","protected":false},"excerpt":{"rendered":"<p>&nbsp; L\u2019Ufficio di Pastorale Giovanile e Vocazionale della Diocesi di Cassano all\u2019Ionio propone un percorso speciale per i giovani: \u201cDilexi te \u2013 Ho amato te\u201d, tre weekend di meditazione guidati dal teologo don Sergio Massironi e dalla teologa Debora Rienzi, presso l\u2019Oasi Sant\u2019Antonio a Luzzi (CS). Il cammino si svilupper\u00e0 in tre tappe distribuite lungo [&hellip;]<\/p>\n","protected":false},"author":0,"featured_media":386,"comment_status":"closed","ping_status":"closed","sticky":false,"template":"","format":"standard","meta":{"_acf_changed":false,"footnotes":""},"categories":[2,7],"tags":[],"acf":{"seed-localization-paese-cod":"","seed-localization-address":"","seed-localization-citta":"","seed-localization-regione-cod-istat":"","seed-localization-citta-cod-istat":"","seed-localization-localita":"","seed-localization-cap":"","seed-localization-geo":{"lat":41.90552298770031,"lng":12.509441971778871,"zoom":10,"markers":[],"address":"","layers":["OpenStreetMap.Mapnik"]},"seed-localization-marker-visibility":false,"seed-localization-children-visibility":false,"seed-localization-kml":null,"seed-localization-custom-marker":null},"_links":{"self":[{"href":"https:\/\/www.diocesicassanoalloionio.it\/giovani\/wp-json\/wp\/v2\/posts\/381"}],"collection":[{"href":"https:\/\/www.diocesicassanoalloionio.it\/giovani\/wp-json\/wp\/v2\/posts"}],"about":[{"href":"https:\/\/www.diocesicassanoalloionio.it\/giovani\/wp-json\/wp\/v2\/types\/post"}],"author":[{"embeddable":true,"href":"https:\/\/www.diocesicassanoalloionio.it\/giovani\/wp-json\/wp\/v2\/users\/8"}],"replies":[{"embeddable":true,"href":"https:\/\/www.diocesicassanoalloionio.it\/giovani\/wp-json\/wp\/v2\/comments?post=381"}],"version-history":[{"count":3,"href":"https:\/\/www.diocesicassanoalloionio.it\/giovani\/wp-json\/wp\/v2\/posts\/381\/revisions"}],"predecessor-version":[{"id":388,"href":"https:\/\/www.diocesicassanoalloionio.it\/giovani\/wp-json\/wp\/v2\/posts\/381\/revisions\/388"}],"wp:featuredmedia":[{"embeddable":true,"href":"https:\/\/www.diocesicassanoalloionio.it\/giovani\/wp-json\/wp\/v2\/media\/386"}],"wp:attachment":[{"href":"https:\/\/www.diocesicassanoalloionio.it\/giovani\/wp-json\/wp\/v2\/media?parent=381"}],"wp:term":[{"taxonomy":"category","embeddable":true,"href":"https:\/\/www.diocesicassanoalloionio.it\/giovani\/wp-json\/wp\/v2\/categories?post=381"},{"taxonomy":"post_tag","embeddable":true,"href":"https:\/\/www.diocesicassanoalloionio.it\/giovani\/wp-json\/wp\/v2\/tags?post=381"}],"curies":[{"name":"wp","href":"https:\/\/api.w.org\/{rel}","templated":true}]}}