{"id":409,"date":"2026-02-02T12:31:04","date_gmt":"2026-02-02T11:31:04","guid":{"rendered":"https:\/\/www.diocesicassanoalloionio.it\/giovani\/?p=409"},"modified":"2026-02-02T12:38:54","modified_gmt":"2026-02-02T11:38:54","slug":"dilexi-te-ho-amato-te-il-viaggio-continua-al-cuore-del-secondo-weekend-la-sfida-dellinterconnessione","status":"publish","type":"post","link":"https:\/\/www.diocesicassanoalloionio.it\/giovani\/dilexi-te-ho-amato-te-il-viaggio-continua-al-cuore-del-secondo-weekend-la-sfida-dellinterconnessione\/","title":{"rendered":"\u201cDilexi te \u2013 Ho amato te\u201d: Il viaggio continua. Al cuore del secondo weekend la sfida dell\u2019Interconnessione"},"content":{"rendered":"<p>Dopo la grazia del primo incontro, prosegue con rinnovato slancio il cammino spirituale proposto dall\u2019Ufficio di Pastorale Giovanile e Vocazionale della Diocesi di Cassano all\u2019Jonio. <strong>Sabato 28 febbraio e domenica 1 marzo 2026<\/strong>, l\u2019Oasi Sant\u2019Antonio a Luzzi (CS) torner\u00e0 ad essere &#8220;cenacolo&#8221; per i nostri ragazzi in occasione della seconda tappa del percorso <strong>\u201cDilexi te \u2013 Ho amato te\u201d<\/strong>.<\/p>\n<p>Sotto la sapiente guida del teologo <strong>don Sergio Massironi<\/strong> e della teologa <strong>Debora Rienzi<\/strong>, i giovani saranno chiamati a compiere un passo ulteriore. Se il primo weekend ci ha educati alla &#8220;consapevolezza dello sguardo&#8221;, questo secondo appuntamento ci immerger\u00e0 nel mistero dell\u2019<strong>Interconnessione<\/strong>.<\/p>\n<p>In un tempo spesso segnato dalla frammentazione e dalla solitudine digitale, il ritiro si propone come un&#8217;occasione preziosa per fermarsi e ricucire i legami essenziali. L&#8217;esperienza si snoder\u00e0 in un crescendo spirituale che prender\u00e0 avvio <strong>sabato 28 febbraio<\/strong> con un itinerario interiore dal titolo <em>\u201cDalla scissione alla riconciliazione\u201d<\/em>, pensato per sanare le ferite che ci dividono dal nostro &#8220;io&#8221; pi\u00f9 profondo e dagli altri. Questo cammino di guarigione trover\u00e0 il suo compimento nella giornata di <strong>domenica 1 marzo<\/strong>, dedicata alla scoperta della bellezza di essere <em>\u201cUnici ed uniti\u201d<\/em>: un momento per comprendere come la nostra originalit\u00e0 non sia isolamento, ma un dono che fiorisce pienamente solo nell&#8217;abbraccio della comunione fraterna.<\/p>\n<p>Saranno due giorni intensi di ascolto, silenzio e condivisione, pensati per chi desidera vivere la fede non come teoria, ma come esperienza di relazione viva.<\/p>\n<p>L&#8217;invito \u00e8 aperto a tutti i giovani che sentono il desiderio di un &#8220;di pi\u00f9&#8221;, pronti a mettersi in gioco in un clima di autentica fraternit\u00e0. Per partecipare a questo secondo weekend e riservare il proprio posto, \u00e8 necessario compilare il modulo disponibile al seguente link: <strong><u><a href=\"https:\/\/forms.gle\/AnY3gNdNZVqZBhA3A\">https:\/forms.gle\/AnY3gNdNZVqZBhA3A<\/a><\/u><\/strong><\/p>\n<p><img loading=\"lazy\" decoding=\"async\" class=\"alignnone wp-image-410\" src=\"https:\/\/www.diocesicassanoalloionio.it\/giovani\/wp-content\/uploads\/sites\/4\/2026\/02\/Dilexi-te-\u2013-Ho-amato-te-300x300.png\" alt=\"\" width=\"217\" height=\"217\" srcset=\"https:\/\/www.diocesicassanoalloionio.it\/giovani\/wp-content\/uploads\/sites\/4\/2026\/02\/Dilexi-te-\u2013-Ho-amato-te-300x300.png 300w, https:\/\/www.diocesicassanoalloionio.it\/giovani\/wp-content\/uploads\/sites\/4\/2026\/02\/Dilexi-te-\u2013-Ho-amato-te-150x150.png 150w, https:\/\/www.diocesicassanoalloionio.it\/giovani\/wp-content\/uploads\/sites\/4\/2026\/02\/Dilexi-te-\u2013-Ho-amato-te-768x768.png 768w, https:\/\/www.diocesicassanoalloionio.it\/giovani\/wp-content\/uploads\/sites\/4\/2026\/02\/Dilexi-te-\u2013-Ho-amato-te.png 1000w\" sizes=\"(max-width: 217px) 100vw, 217px\" \/><\/p>\n<p>&nbsp;<\/p>\n<p>&nbsp;<\/p>\n<p><strong>Nunzio Bartolini<\/strong><\/p>\n<p>Collaboratore UCS \u2013 Diocesi di Cassano all\u2019Jonio<\/p>\n<p><strong>\u00a0<\/strong><\/p>\n","protected":false},"excerpt":{"rendered":"<p>Dopo la grazia del primo incontro, prosegue con rinnovato slancio il cammino spirituale proposto dall\u2019Ufficio di Pastorale Giovanile e Vocazionale della Diocesi di Cassano all\u2019Jonio. Sabato 28 febbraio e domenica 1 marzo 2026, l\u2019Oasi Sant\u2019Antonio a Luzzi (CS) torner\u00e0 ad essere &#8220;cenacolo&#8221; per i nostri ragazzi in occasione della seconda tappa del percorso \u201cDilexi te [&hellip;]<\/p>\n","protected":false},"author":0,"featured_media":414,"comment_status":"closed","ping_status":"closed","sticky":false,"template":"","format":"standard","meta":{"_acf_changed":false,"footnotes":""},"categories":[7],"tags":[],"acf":{"seed-localization-paese-cod":"","seed-localization-address":"","seed-localization-citta":"","seed-localization-regione-cod-istat":"","seed-localization-citta-cod-istat":"","seed-localization-localita":"","seed-localization-cap":"","seed-localization-geo":{"lat":41.90552298770031,"lng":12.509441971778871,"zoom":10,"markers":[],"address":"","layers":["OpenStreetMap.Mapnik"]},"seed-localization-marker-visibility":false,"seed-localization-children-visibility":false,"seed-localization-kml":null,"seed-localization-custom-marker":null},"_links":{"self":[{"href":"https:\/\/www.diocesicassanoalloionio.it\/giovani\/wp-json\/wp\/v2\/posts\/409"}],"collection":[{"href":"https:\/\/www.diocesicassanoalloionio.it\/giovani\/wp-json\/wp\/v2\/posts"}],"about":[{"href":"https:\/\/www.diocesicassanoalloionio.it\/giovani\/wp-json\/wp\/v2\/types\/post"}],"author":[{"embeddable":true,"href":"https:\/\/www.diocesicassanoalloionio.it\/giovani\/wp-json\/wp\/v2\/users\/8"}],"replies":[{"embeddable":true,"href":"https:\/\/www.diocesicassanoalloionio.it\/giovani\/wp-json\/wp\/v2\/comments?post=409"}],"version-history":[{"count":2,"href":"https:\/\/www.diocesicassanoalloionio.it\/giovani\/wp-json\/wp\/v2\/posts\/409\/revisions"}],"predecessor-version":[{"id":415,"href":"https:\/\/www.diocesicassanoalloionio.it\/giovani\/wp-json\/wp\/v2\/posts\/409\/revisions\/415"}],"wp:featuredmedia":[{"embeddable":true,"href":"https:\/\/www.diocesicassanoalloionio.it\/giovani\/wp-json\/wp\/v2\/media\/414"}],"wp:attachment":[{"href":"https:\/\/www.diocesicassanoalloionio.it\/giovani\/wp-json\/wp\/v2\/media?parent=409"}],"wp:term":[{"taxonomy":"category","embeddable":true,"href":"https:\/\/www.diocesicassanoalloionio.it\/giovani\/wp-json\/wp\/v2\/categories?post=409"},{"taxonomy":"post_tag","embeddable":true,"href":"https:\/\/www.diocesicassanoalloionio.it\/giovani\/wp-json\/wp\/v2\/tags?post=409"}],"curies":[{"name":"wp","href":"https:\/\/api.w.org\/{rel}","templated":true}]}}